{"id":7801,"date":"2026-01-28T18:07:33","date_gmt":"2026-01-28T17:07:33","guid":{"rendered":"https:\/\/sarahschlitz.be\/?p=7801"},"modified":"2026-02-03T18:08:43","modified_gmt":"2026-02-03T17:08:43","slug":"la-protection-des-belges-face-aux-enjeux-lies-a-la-numerisation-bancaire","status":"publish","type":"post","link":"https:\/\/sarahschlitz.be\/nl\/la-protection-des-belges-face-aux-enjeux-lies-a-la-numerisation-bancaire\/","title":{"rendered":"(Fran\u00e7ais) La protection des Belges face aux enjeux li\u00e9s \u00e0 la num\u00e9risation bancaire"},"content":{"rendered":"<p class=\"qtranxs-available-languages-message qtranxs-available-languages-message-nl\">Onze verontschuldigingen, dit bericht is alleen beschikbaar in <a href=\"https:\/\/sarahschlitz.be\/fr\/wp-json\/wp\/v2\/posts\/7801\" class=\"qtranxs-available-language-link qtranxs-available-language-link-fr\" title=\"Fran\u00e7ais\">Fran\u00e7ais<\/a>.<\/p>","protected":false},"excerpt":{"rendered":"<p>Onze verontschuldigingen, dit bericht is alleen beschikbaar in Fran\u00e7ais.<\/p>\n","protected":false},"author":1819,"featured_media":0,"comment_status":"closed","ping_status":"closed","sticky":false,"template":"","format":"standard","meta":{"_acf_changed":false,"_et_pb_use_builder":"","_et_pb_old_content":"","_et_gb_content_width":"","footnotes":""},"categories":[6,73],"tags":[],"class_list":["post-7801","post","type-post","status-publish","format-standard","hentry","category-question-parlementaire","category-travail-parlementaire"],"acf":[],"_links":{"self":[{"href":"https:\/\/sarahschlitz.be\/nl\/wp-json\/wp\/v2\/posts\/7801","targetHints":{"allow":["GET"]}}],"collection":[{"href":"https:\/\/sarahschlitz.be\/nl\/wp-json\/wp\/v2\/posts"}],"about":[{"href":"https:\/\/sarahschlitz.be\/nl\/wp-json\/wp\/v2\/types\/post"}],"author":[{"embeddable":true,"href":"https:\/\/sarahschlitz.be\/nl\/wp-json\/wp\/v2\/users\/1819"}],"replies":[{"embeddable":true,"href":"https:\/\/sarahschlitz.be\/nl\/wp-json\/wp\/v2\/comments?post=7801"}],"version-history":[{"count":0,"href":"https:\/\/sarahschlitz.be\/nl\/wp-json\/wp\/v2\/posts\/7801\/revisions"}],"wp:attachment":[{"href":"https:\/\/sarahschlitz.be\/nl\/wp-json\/wp\/v2\/media?parent=7801"}],"wp:term":[{"taxonomy":"category","embeddable":true,"href":"https:\/\/sarahschlitz.be\/nl\/wp-json\/wp\/v2\/categories?post=7801"},{"taxonomy":"post_tag","embeddable":true,"href":"https:\/\/sarahschlitz.be\/nl\/wp-json\/wp\/v2\/tags?post=7801"}],"curies":[{"name":"wp","href":"https:\/\/api.w.org\/{rel}","templated":true}]}}