{"id":7745,"date":"2026-01-21T15:58:44","date_gmt":"2026-01-21T14:58:44","guid":{"rendered":"https:\/\/sarahschlitz.be\/?p=7745"},"modified":"2026-01-21T15:58:44","modified_gmt":"2026-01-21T14:58:44","slug":"lalternative-decolo-groen-sur-la-taxe-des-plus-values-pourrait-apporter-1-5-milliards-a-letat","status":"publish","type":"post","link":"https:\/\/sarahschlitz.be\/nl\/lalternative-decolo-groen-sur-la-taxe-des-plus-values-pourrait-apporter-1-5-milliards-a-letat\/","title":{"rendered":"(Fran\u00e7ais) L&#8217;alternative d&#8217;Ecolo-Groen sur la taxe des plus-values pourrait apporter 1.5 milliards \u00e0 l&#8217;\u00c9tat"},"content":{"rendered":"<p class=\"qtranxs-available-languages-message qtranxs-available-languages-message-nl\">Onze verontschuldigingen, dit bericht is alleen beschikbaar in <a href=\"https:\/\/sarahschlitz.be\/fr\/wp-json\/wp\/v2\/posts\/7745\" class=\"qtranxs-available-language-link qtranxs-available-language-link-fr\" title=\"Fran\u00e7ais\">Fran\u00e7ais<\/a>.<\/p>","protected":false},"excerpt":{"rendered":"<p>Onze verontschuldigingen, dit bericht is alleen beschikbaar in Fran\u00e7ais.<\/p>\n","protected":false},"author":1819,"featured_media":0,"comment_status":"closed","ping_status":"closed","sticky":false,"template":"","format":"standard","meta":{"_acf_changed":false,"_et_pb_use_builder":"","_et_pb_old_content":"","_et_gb_content_width":"","footnotes":""},"categories":[85,83,73],"tags":[],"class_list":["post-7745","post","type-post","status-publish","format-standard","hentry","category-fiscalite","category-proposition-de-loi","category-travail-parlementaire"],"acf":[],"_links":{"self":[{"href":"https:\/\/sarahschlitz.be\/nl\/wp-json\/wp\/v2\/posts\/7745","targetHints":{"allow":["GET"]}}],"collection":[{"href":"https:\/\/sarahschlitz.be\/nl\/wp-json\/wp\/v2\/posts"}],"about":[{"href":"https:\/\/sarahschlitz.be\/nl\/wp-json\/wp\/v2\/types\/post"}],"author":[{"embeddable":true,"href":"https:\/\/sarahschlitz.be\/nl\/wp-json\/wp\/v2\/users\/1819"}],"replies":[{"embeddable":true,"href":"https:\/\/sarahschlitz.be\/nl\/wp-json\/wp\/v2\/comments?post=7745"}],"version-history":[{"count":0,"href":"https:\/\/sarahschlitz.be\/nl\/wp-json\/wp\/v2\/posts\/7745\/revisions"}],"wp:attachment":[{"href":"https:\/\/sarahschlitz.be\/nl\/wp-json\/wp\/v2\/media?parent=7745"}],"wp:term":[{"taxonomy":"category","embeddable":true,"href":"https:\/\/sarahschlitz.be\/nl\/wp-json\/wp\/v2\/categories?post=7745"},{"taxonomy":"post_tag","embeddable":true,"href":"https:\/\/sarahschlitz.be\/nl\/wp-json\/wp\/v2\/tags?post=7745"}],"curies":[{"name":"wp","href":"https:\/\/api.w.org\/{rel}","templated":true}]}}