{"id":7611,"date":"2025-11-21T10:23:49","date_gmt":"2025-11-21T09:23:49","guid":{"rendered":"https:\/\/sarahschlitz.be\/?p=7611"},"modified":"2026-02-06T08:29:03","modified_gmt":"2026-02-06T07:29:03","slug":"question-a-david-clarinval-securite-alimentaire-et-extinction-des-abeilles-sauvages","status":"publish","type":"post","link":"https:\/\/sarahschlitz.be\/nl\/question-a-david-clarinval-securite-alimentaire-et-extinction-des-abeilles-sauvages\/","title":{"rendered":"(Fran\u00e7ais) Question parlementaire : S\u00e9curit\u00e9 alimentaire et extinction des abeilles sauvages"},"content":{"rendered":"<p class=\"qtranxs-available-languages-message qtranxs-available-languages-message-nl\">Onze verontschuldigingen, dit bericht is alleen beschikbaar in <a href=\"https:\/\/sarahschlitz.be\/fr\/wp-json\/wp\/v2\/posts\/7611\" class=\"qtranxs-available-language-link qtranxs-available-language-link-fr\" title=\"Fran\u00e7ais\">Fran\u00e7ais<\/a>.<\/p>","protected":false},"excerpt":{"rendered":"<p>Onze verontschuldigingen, dit bericht is alleen beschikbaar in Fran\u00e7ais.<\/p>\n","protected":false},"author":1819,"featured_media":0,"comment_status":"closed","ping_status":"closed","sticky":false,"template":"","format":"standard","meta":{"_acf_changed":false,"_et_pb_use_builder":"","_et_pb_old_content":"","_et_gb_content_width":"","footnotes":""},"categories":[78,30,42,6,73],"tags":[],"class_list":["post-7611","post","type-post","status-publish","format-standard","hentry","category-agriculture","category-alimentation","category-environnement","category-question-parlementaire","category-travail-parlementaire"],"acf":[],"_links":{"self":[{"href":"https:\/\/sarahschlitz.be\/nl\/wp-json\/wp\/v2\/posts\/7611","targetHints":{"allow":["GET"]}}],"collection":[{"href":"https:\/\/sarahschlitz.be\/nl\/wp-json\/wp\/v2\/posts"}],"about":[{"href":"https:\/\/sarahschlitz.be\/nl\/wp-json\/wp\/v2\/types\/post"}],"author":[{"embeddable":true,"href":"https:\/\/sarahschlitz.be\/nl\/wp-json\/wp\/v2\/users\/1819"}],"replies":[{"embeddable":true,"href":"https:\/\/sarahschlitz.be\/nl\/wp-json\/wp\/v2\/comments?post=7611"}],"version-history":[{"count":0,"href":"https:\/\/sarahschlitz.be\/nl\/wp-json\/wp\/v2\/posts\/7611\/revisions"}],"wp:attachment":[{"href":"https:\/\/sarahschlitz.be\/nl\/wp-json\/wp\/v2\/media?parent=7611"}],"wp:term":[{"taxonomy":"category","embeddable":true,"href":"https:\/\/sarahschlitz.be\/nl\/wp-json\/wp\/v2\/categories?post=7611"},{"taxonomy":"post_tag","embeddable":true,"href":"https:\/\/sarahschlitz.be\/nl\/wp-json\/wp\/v2\/tags?post=7611"}],"curies":[{"name":"wp","href":"https:\/\/api.w.org\/{rel}","templated":true}]}}