{"id":7297,"date":"2025-07-14T15:40:13","date_gmt":"2025-07-14T13:40:13","guid":{"rendered":"https:\/\/sarahschlitz.be\/?p=7297"},"modified":"2025-07-14T15:40:13","modified_gmt":"2025-07-14T13:40:13","slug":"question-parlementaire-sur-le-precompte-professionnel-des-chercheurs-2eme","status":"publish","type":"post","link":"https:\/\/sarahschlitz.be\/nl\/question-parlementaire-sur-le-precompte-professionnel-des-chercheurs-2eme\/","title":{"rendered":"(Fran\u00e7ais) Question Parlementaire sur le pr\u00e9compte professionnel des chercheurs (2\u00e8me)"},"content":{"rendered":"<p class=\"qtranxs-available-languages-message qtranxs-available-languages-message-nl\">Onze verontschuldigingen, dit bericht is alleen beschikbaar in <a href=\"https:\/\/sarahschlitz.be\/fr\/wp-json\/wp\/v2\/posts\/7297\" class=\"qtranxs-available-language-link qtranxs-available-language-link-fr\" title=\"Fran\u00e7ais\">Fran\u00e7ais<\/a>.<\/p>","protected":false},"excerpt":{"rendered":"<p>Onze verontschuldigingen, dit bericht is alleen beschikbaar in Fran\u00e7ais.<\/p>\n","protected":false},"author":1530,"featured_media":0,"comment_status":"closed","ping_status":"closed","sticky":false,"template":"","format":"standard","meta":{"_acf_changed":false,"_et_pb_use_builder":"","_et_pb_old_content":"","_et_gb_content_width":"","footnotes":""},"categories":[85,6,73],"tags":[],"class_list":["post-7297","post","type-post","status-publish","format-standard","hentry","category-fiscalite","category-question-parlementaire","category-travail-parlementaire"],"acf":[],"_links":{"self":[{"href":"https:\/\/sarahschlitz.be\/nl\/wp-json\/wp\/v2\/posts\/7297","targetHints":{"allow":["GET"]}}],"collection":[{"href":"https:\/\/sarahschlitz.be\/nl\/wp-json\/wp\/v2\/posts"}],"about":[{"href":"https:\/\/sarahschlitz.be\/nl\/wp-json\/wp\/v2\/types\/post"}],"author":[{"embeddable":true,"href":"https:\/\/sarahschlitz.be\/nl\/wp-json\/wp\/v2\/users\/1530"}],"replies":[{"embeddable":true,"href":"https:\/\/sarahschlitz.be\/nl\/wp-json\/wp\/v2\/comments?post=7297"}],"version-history":[{"count":0,"href":"https:\/\/sarahschlitz.be\/nl\/wp-json\/wp\/v2\/posts\/7297\/revisions"}],"wp:attachment":[{"href":"https:\/\/sarahschlitz.be\/nl\/wp-json\/wp\/v2\/media?parent=7297"}],"wp:term":[{"taxonomy":"category","embeddable":true,"href":"https:\/\/sarahschlitz.be\/nl\/wp-json\/wp\/v2\/categories?post=7297"},{"taxonomy":"post_tag","embeddable":true,"href":"https:\/\/sarahschlitz.be\/nl\/wp-json\/wp\/v2\/tags?post=7297"}],"curies":[{"name":"wp","href":"https:\/\/api.w.org\/{rel}","templated":true}]}}