{"id":6989,"date":"2025-03-18T12:49:07","date_gmt":"2025-03-18T11:49:07","guid":{"rendered":"https:\/\/sarahschlitz.be\/?p=6989"},"modified":"2025-03-18T12:49:42","modified_gmt":"2025-03-18T11:49:42","slug":"ma-reaction-aux-projets-de-larizona-en-matiere-de-handicap","status":"publish","type":"post","link":"https:\/\/sarahschlitz.be\/nl\/ma-reaction-aux-projets-de-larizona-en-matiere-de-handicap\/","title":{"rendered":"(Fran\u00e7ais) Ma r\u00e9action aux projets de l&#8217;Arizona en mati\u00e8re de Handicap"},"content":{"rendered":"<p class=\"qtranxs-available-languages-message qtranxs-available-languages-message-nl\">Onze verontschuldigingen, dit bericht is alleen beschikbaar in <a href=\"https:\/\/sarahschlitz.be\/fr\/wp-json\/wp\/v2\/posts\/6989\" class=\"qtranxs-available-language-link qtranxs-available-language-link-fr\" title=\"Fran\u00e7ais\">Fran\u00e7ais<\/a>.<\/p>","protected":false},"excerpt":{"rendered":"<p>Onze verontschuldigingen, dit bericht is alleen beschikbaar in Fran\u00e7ais.<\/p>\n","protected":false},"author":1530,"featured_media":0,"comment_status":"closed","ping_status":"closed","sticky":false,"template":"","format":"standard","meta":{"_acf_changed":false,"_et_pb_use_builder":"","_et_pb_old_content":"","_et_gb_content_width":"","footnotes":""},"categories":[74,52,73],"tags":[],"class_list":["post-6989","post","type-post","status-publish","format-standard","hentry","category-affaires-sociales","category-personnes-handicapees","category-travail-parlementaire"],"acf":[],"_links":{"self":[{"href":"https:\/\/sarahschlitz.be\/nl\/wp-json\/wp\/v2\/posts\/6989","targetHints":{"allow":["GET"]}}],"collection":[{"href":"https:\/\/sarahschlitz.be\/nl\/wp-json\/wp\/v2\/posts"}],"about":[{"href":"https:\/\/sarahschlitz.be\/nl\/wp-json\/wp\/v2\/types\/post"}],"author":[{"embeddable":true,"href":"https:\/\/sarahschlitz.be\/nl\/wp-json\/wp\/v2\/users\/1530"}],"replies":[{"embeddable":true,"href":"https:\/\/sarahschlitz.be\/nl\/wp-json\/wp\/v2\/comments?post=6989"}],"version-history":[{"count":0,"href":"https:\/\/sarahschlitz.be\/nl\/wp-json\/wp\/v2\/posts\/6989\/revisions"}],"wp:attachment":[{"href":"https:\/\/sarahschlitz.be\/nl\/wp-json\/wp\/v2\/media?parent=6989"}],"wp:term":[{"taxonomy":"category","embeddable":true,"href":"https:\/\/sarahschlitz.be\/nl\/wp-json\/wp\/v2\/categories?post=6989"},{"taxonomy":"post_tag","embeddable":true,"href":"https:\/\/sarahschlitz.be\/nl\/wp-json\/wp\/v2\/tags?post=6989"}],"curies":[{"name":"wp","href":"https:\/\/api.w.org\/{rel}","templated":true}]}}