{"id":697,"date":"2018-12-06T14:00:05","date_gmt":"2018-12-06T13:00:05","guid":{"rendered":"https:\/\/sarahschlitz.be\/?p=697"},"modified":"2019-01-22T22:35:14","modified_gmt":"2019-01-22T21:35:14","slug":"question-a-charles-michel-premier-ministres-sur-la-reaction-du-gouvernement-a-la-marche-pour-le-climat","status":"publish","type":"post","link":"https:\/\/sarahschlitz.be\/nl\/question-a-charles-michel-premier-ministres-sur-la-reaction-du-gouvernement-a-la-marche-pour-le-climat\/","title":{"rendered":"Question \u00e0 Charles Michel, Premier Ministre, sur la r\u00e9action du gouvernement \u00e0 la marche pour le climat du 2 d\u00e9cembre"},"content":{"rendered":"<p>[et_pb_section bb_built=&#8221;1&#8243; admin_label=&#8221;section&#8221; _builder_version=&#8221;3.0.47&#8243;][et_pb_row admin_label=&#8221;row&#8221; _builder_version=&#8221;3.0.48&#8243; background_size=&#8221;initial&#8221; background_position=&#8221;top_left&#8221; background_repeat=&#8221;repeat&#8221;][et_pb_column type=&#8221;4_4&#8243;][et_pb_text admin_label=&#8221;Text&#8221; _builder_version=&#8221;3.17.1&#8243; background_size=&#8221;initial&#8221; background_position=&#8221;top_left&#8221; background_repeat=&#8221;repeat&#8221; inline_fonts=&#8221;Oswald&#8221;]<\/p>\n<div class=\"page\" title=\"Page 8\">\n<div class=\"layoutArea\">\n<div class=\"column\">\n<h4 style=\"text-align: justify\">\u00a0\u00a0\u00a0 Monsieur le pr\u00e9sident, monsieur le premier ministre, chers coll\u00e8gues, je suis heureuse que nous puissions enfin aborder le sujet qui <strong>devrait<\/strong> tous nous pr\u00e9occuper au premier lieu, c&#8217;est-\u00e0-dire la question du climat.<\/h4>\n<p style=\"text-align: justify\">Monsieur le premier ministre, en d\u00e9cembre 2015 s&#8217;ouvrait la COP 21. Quinze mille personnes manifestaient \u00e0 Ostende. On se f\u00e9licitait alors d&#8217;avoir trouv\u00e9 un accord ambitieux et contraignant. Mais quel est le bilan au bout de trois ann\u00e9es? Il ne s&#8217;est finalement rien pass\u00e9 ou pas pass\u00e9 grand&#8217;chose.<\/p>\n<p style=\"text-align: justify\"><img loading=\"lazy\" decoding=\"async\" class=\"wp-image-704 alignleft\" src=\"https:\/\/sarahschlitz.be\/wp-content\/uploads\/sites\/300\/2018\/12\/Claim-climate-2.jpg\" alt=\"\" width=\"256\" height=\"192\" srcset=\"https:\/\/sarahschlitz.be\/wp-content\/uploads\/sites\/300\/2018\/12\/Claim-climate-2.jpg 960w, https:\/\/sarahschlitz.be\/wp-content\/uploads\/sites\/300\/2018\/12\/Claim-climate-2-300x224.jpg 300w, https:\/\/sarahschlitz.be\/wp-content\/uploads\/sites\/300\/2018\/12\/Claim-climate-2-768x574.jpg 768w, https:\/\/sarahschlitz.be\/wp-content\/uploads\/sites\/300\/2018\/12\/Claim-climate-2-510x382.jpg 510w\" sizes=\"(max-width: 256px) 100vw, 256px\" \/>Ce dimanche, <em><strong>75 000 personnes<\/strong><\/em>, m\u00e9contentes de l&#8217;absence d&#8217;ambition au niveau climatique, ont march\u00e9 dans les rues de Bruxelles. Une mobilisation historique. J&#8217;ai vu, \u00e0 cette manifestation, des gens qu&#8217;on ne voit jamais dans les manifestations. Il y avait ainsi mon comit\u00e9 de quartier, ma boulang\u00e8re. M\u00eame Marie- Christine Marghem \u00e9tait l\u00e0!<\/p>\n<p style=\"text-align: justify\">Monsieur le premier ministre, mercredi, je vous ai entendu \u00e0 la radio. Vous avez dit que vous alliez vous battre pour que la Belgique puisse porter \u00e0 la COP 24 une position plus ambitieuse que celle que vous avez port\u00e9e pendant la premi\u00e8re semaine. C&#8217;est lundi que cela se joue. M.le ministre Crucke va aller porter la voix de la Belgique, la voix de tous les Belges. Septante-cinq mille Belges lui ont demand\u00e9 d&#8217;avoir enfin une ambition climatique.<\/p>\n<p style=\"text-align: justify\">Monsieur le premier ministre, quel mandat allez- vous donner \u00e0 M. le ministre Crucke? Allez-vous enfin lui permettre de rejoindre le groupe des pays ambitieux qui vont exiger une rehausse rapide des objectifs?<\/p>\n<p style=\"text-align: justify\">Monsieur le premier ministre, 500 jeunes vous ont \u00e9crit des lettres, au lieu d&#8217;\u00e9crire \u00e0 Saint-Nicolas. Ils ont pens\u00e9 que cela serait plus utile pour leur avenir. Je vais vous remettre ces lettres.<\/p>\n<blockquote><p><span style=\"font-size: x-large\"><strong>R\u00e9ponse de Charles Michel, Premier ministre<\/strong><\/span><\/p><\/blockquote>\n<p style=\"text-align: justify\">Mijnheer de voorzitter, beste collega&#8217;s, de mars die enkele dagen geleden in Brussel plaatsvond, was natuurlijk een<img loading=\"lazy\" decoding=\"async\" class=\"size-large wp-image-706 alignright\" src=\"https:\/\/sarahschlitz.be\/wp-content\/uploads\/sites\/300\/2018\/12\/Charles-Michel.jpg\" alt=\"\" width=\"159\" height=\"240\" \/> zeer sterk en belangrijk signaal. Ik heb onmiddellijk positief gereageerd, omdat ik als regeringsleider de verantwoordelijkheid draag om vanuit de meerderheid in het Parlement hard te werken en alles in te zetten om te zorgen voor een krachtig antwoord. Dat hebben wij ook trachten te doen de voorbije vier jaar, en dit in tegenstelling tot bepaalde informatie die men verspreidt.<\/p>\n<p style=\"text-align: justify\">Les quatre derni\u00e8res ann\u00e9es, dans les enceintes europ\u00e9enne et internationale, nous avons \u00e0 chaque fois tent\u00e9 de porter en avant cette ambition et cet engagement.<\/p>\n<p style=\"text-align: justify\">Enfin, je profite de cette tribune pour corriger un certain nombre d&#8217;\u00e9l\u00e9ments faux qui ont \u00e9t\u00e9 colport\u00e9s \u00e0 plusieurs reprises ces derniers jours. Par exemple, au sujet de la question de la directive sur l&#8217;efficacit\u00e9 \u00e9nerg\u00e9tique, ceux qui connaissent un peu les institutions savent que c&#8217;est une comp\u00e9tence pratiquement purement r\u00e9gionale. Au regard de nos modes de d\u00e9cision au sein d&#8217;un \u00c9tat f\u00e9d\u00e9ral, nous devons prendre en consid\u00e9ration \u2013 c&#8217;est une exigence constitutionnelle \u2013 les positions de ceux qui exercent la responsabilit\u00e9 et la comp\u00e9tence. Pendant des jours, j&#8217;ai entendu r\u00e9p\u00e9ter que c&#8217;est le gouvernement f\u00e9d\u00e9ral qui serait responsable de cette position!<\/p>\n<p style=\"text-align: justify\">En pratique, cette directive a \u00e9t\u00e9 approuv\u00e9e. Elle devra \u00eatre transpos\u00e9e et impl\u00e9ment\u00e9e.<\/p>\n<p style=\"text-align: justify\">Ik kom tot de COP24. Enkele dagen geleden pleegde ik overleg met Waals minister Jean-Luc Crucke, hoofd van de delegatie voor de COP24, waarbij hij mij verzekerde veel inspanningen te willen leveren opdat de voltallige Belgische delegatie haar maximale steun zou verlenen \u2014 dat hoop ik \u2014 aan dit zeer ambitieus doel, en in het bijzonder om het eens te worden met een groep van 15 landen die op dit punt naar meer ambitie streven.<\/p>\n<p style=\"text-align: justify\">Je confirme que, s&#8217;agissant de ce sujet, les contacts avec le ministre wallon en charge de la direction de la d\u00e9l\u00e9gation permettront, je l&#8217;esp\u00e8re, de pouvoir afficher cette ambition.<\/p>\n<p style=\"text-align: justify\">Enfin, je voudrais annoncer un autre \u00e9l\u00e9ment important. Le gouvernement wallon a fait une proposition que j&#8217;accueille avec int\u00e9r\u00eat. Je compte la soumettre au Conseil des ministres, voire au Comit\u00e9 de concertation. Il s&#8217;agit de la candidature de notre pays pour la COP26. J&#8217;accueille effectivement favorablement cette proposition et je sugg\u00e8re que ce point soit discut\u00e9 au sein du Comit\u00e9 de concertation.<\/p>\n<p style=\"text-align: justify\">Ik heb ook gehoord dat men daden verwacht, geen woorden. Des actes, nous en avons r\u00e9alis\u00e9, et nous allons continuer \u00e0 en r\u00e9aliser.<\/p>\n<ol>\n<li style=\"padding-left: 60px\">Premier exemple. Dans le cadre des \u00e9nergies renouvelables, nous allons, \u00e0 l&#8217;horizon 2030, gr\u00e2ce \u00e0 nos mesures pour l&#8217;offshore en mer du Nord, disposer de l&#8217;\u00e9quivalent de quatre centrales nucl\u00e9aires. Ce sont des actes, des faits.<\/li>\n<li style=\"padding-left: 60px\">Deuxi\u00e8me exemple. Nous sommes le deuxi\u00e8me pays d&#8217;Europe \u00e0 avoir lanc\u00e9 les green bonds, pour stimuler la finance qui prend en consid\u00e9ration cette exigence climatique.<\/li>\n<li style=\"padding-left: 60px\">Troisi\u00e8me exemple. Dans notre syst\u00e8me fiscal, tel qu&#8217;il a \u00e9t\u00e9 r\u00e9form\u00e9, on insiste beaucoup plus sur l&#8217;innovation technologique pour rencontrer cette exigence. L&#8217;innovation est probablement un des \u00e9l\u00e9ments cl\u00e9s<\/li>\n<li style=\"padding-left: 60px\">Het vierde voorbeeld, burden sharing. Jarenlang waren degenen die vandaag de les willen spellen niet in staat om tot een akkoord te komen inzake de burden sharing. Wel, tijdens deze legislatuur werd dienaangaande voor de eerste keer wel een akkoord bereikt.<\/li>\n<li style=\"padding-left: 60px\">Enfin, la strat\u00e9gie \u00e9nerg\u00e9tique. L\u00e0 aussi, il y a pour la premi\u00e8re fois une feuille de route entre les R\u00e9gions et le f\u00e9d\u00e9ral, avec la n\u00e9cessit\u00e9 de travailler jour apr\u00e8s jour pour continuer \u00e0 la mettre en \u0153uvre.<\/li>\n<\/ol>\n<p style=\"text-align: justify\">Voil\u00e0 six ou sept exemples concrets qui montrent une tr\u00e8s forte mobilisation et qui vont bien au-del\u00e0 des raccourcis caricaturaux, comme souvent, entendus dans la bouche de l&#8217;opposition.<\/p>\n<blockquote><p><span style=\"font-size: x-large\"><strong>R\u00e9ponse de Marie Christine Marghem, Ministre de l&#8217;environnement et du d\u00e9veloppe<\/strong><strong>ment durable<\/strong><\/span><\/p><\/blockquote>\n<p style=\"text-align: justify\">Monsieur le pr\u00e9sident, chers coll\u00e8gues, je vous remercie pour vos questions.<img loading=\"lazy\" decoding=\"async\" class=\"size-large wp-image-707 alignright\" src=\"https:\/\/sarahschlitz.be\/wp-content\/uploads\/sites\/300\/2018\/12\/MC-Marghem.jpg\" alt=\"\" width=\"240\" height=\"144\" \/><\/p>\n<p style=\"text-align: justify\">le premier ministre a d\u00e9j\u00e0 \u00e9pingl\u00e9 et \u00e9grain\u00e9 les actions men\u00e9es, qui sont r\u00e9solument tourn\u00e9es vers de l&#8217;ambition en mati\u00e8re de politique climatique. En effet, dans les deux cas qui concernent le burden sharing, qui attendait depuis des ann\u00e9es d&#8217;\u00eatre conclu, nous avons r\u00e9ussi, au niveau f\u00e9d\u00e9ral, \u00e0 avoir le leadership n\u00e9cessaire pour que ce dossier aboutisse et que nous puissions aller la t\u00eate haute \u00e0 Paris et obtenir l&#8217;Accord de Paris.<\/p>\n<p style=\"text-align: justify\">Ensuite, la strat\u00e9gie \u00e9nerg\u00e9tique f\u00e9d\u00e9rale qui est issue du pacte \u00e9nerg\u00e9tique interf\u00e9d\u00e9ral, nous l&#8217;avons \u00e9galement conclue avec le leadership n\u00e9cessaire pour faire en sorte qu&#8217;\u00e0 l&#8217;horizon 2030, puis 2050, nous ayons une voie trac\u00e9e en politique \u00e9nerg\u00e9tique et climatique qui aille dans le sens d&#8217;ambitions fortes.<\/p>\n<p style=\"text-align: justify\">Comme l&#8217;a dit M. le premier ministre, nous entendons des choses tr\u00e8s \u00e9tonnantes \u00e0 travers la mani\u00e8re dont certains d&#8217;entre vous racontent l&#8217;histoire au sujet du parcours d\u00e9cisionnel qui concerne ces deux directives. C&#8217;est d&#8217;autant plus surprenant que certains d&#8217;entre vous \u00e9taient pr\u00e9sents au vote de la sixi\u00e8me r\u00e9forme de l&#8217;\u00c9tat. Vous savez que, dans ce cadre, une politique de r\u00e9gionalisation de plus en plus pouss\u00e9e donne aux R\u00e9gions des comp\u00e9tences sans cesse plus importantes, dans une logique nouvelle qui, \u00e0 ce moment, consiste \u00e0 mettre les R\u00e9gions sur le m\u00eame pied d&#8217;\u00e9galit\u00e9 que le f\u00e9d\u00e9ral. Les R\u00e9gions veulent des comp\u00e9tences. Il faut donc qu&#8217;elles les assument. \u00c0 partir du moment o\u00f9 nous sommes dans un f\u00e9d\u00e9ralisme d\u00e9crit comme mature et adulte au moment de la sixi\u00e8me r\u00e9forme de l&#8217;\u00c9tat, il faut que chaque niveau de pouvoir assume ses comp\u00e9tences. C&#8217;est ce qui se passe ici.<\/p>\n<p style=\"text-align: justify\">Nonante-neuf pour cent de la politique d&#8217;efficacit\u00e9 \u00e9nerg\u00e9tique sont entre les mains des R\u00e9gions. Nous ne pouvons pas intervenir parce que nous ne pouvons pas empi\u00e9ter sur les comp\u00e9tences d\u00e9sir\u00e9es et qui doivent \u00eatre assum\u00e9es par ces niveaux de pouvoir.<\/p>\n<p style=\"text-align: justify\">En outre, nous sommes comp\u00e9tents pour une partie de la production d&#8217;\u00e9nergie renouvelable avec les \u00e9oliennes en mer du Nord. Nous nous appr\u00eatons, au-del\u00e0 de 2021, \u00e0 cr\u00e9er un nouveau parc \u00e9olien de 221 kilom\u00e8tres carr\u00e9s pour une puissance install\u00e9e en \u00e9oliennes \u2013 qui seront choisies sur la base de march\u00e9s publics \u2013 de presque 2 gigawatts. Avec le <em>financial close<\/em> des deux derniers parcs \u00e9oliens de la premi\u00e8re p\u00e9riode, s&#8217;\u00e9talant de 2013 \u00e0 2020, nous aurons effectivement, \u00e0 l&#8217;horizon 2030, 4 gigawatts de puissance install\u00e9e en mer du Nord.<\/p>\n<p style=\"text-align: justify\">Le f\u00e9d\u00e9ral aura rempli toutes les zones possibles en mer du Nord en mati\u00e8re de production d&#8217;\u00e9nergie renouvelable. Nous agissons avec ambition dans les comp\u00e9tences qui sont les n\u00f4tres. Toutes les autres comp\u00e9tences en \u00e9nergie renouvelable sont d\u00e9tenues et doivent \u00eatre assum\u00e9es, dans ce f\u00e9d\u00e9ralisme mature, par les R\u00e9gions qui ont les \u00e9oliennes <em>onshore<\/em>, la biomasse et les panneaux solaires.<\/p>\n<p style=\"text-align: justify\">Dans ces deux dossiers, que ce soit pour l&#8217;<strong>efficacit\u00e9 \u00e9nerg\u00e9tique<\/strong> ou le <strong>renouvelable<\/strong>, il y a eu un retrait des R\u00e9gions par rapport aux ambitions que la Commission europ\u00e9enne voulait relever. Dans la mesure o\u00f9 il serait int\u00e9ressant de revoir ce fonctionnement de mani\u00e8re intelligente, pourquoi ne pas cr\u00e9er une agence du climat (je l&#8217;ai entendu et j&#8217;avais moi-m\u00eame lanc\u00e9 l&#8217;id\u00e9e voici quelques ann\u00e9es), qui donnerait une visibilit\u00e9 aux questions climatiques et qui transcenderait les clivages qui existent au sein de notre organisation institutionnelle et qui se sont gripp\u00e9s au fil du temps.<\/p>\n<p style=\"text-align: justify\">Comme nous ne pouvons pas empi\u00e9ter sur les comp\u00e9tences les uns des autres, il revient \u00e0 chaque niveau de pouvoir d&#8217;exercer ses comp\u00e9tences. \u00c0 partir du moment o\u00f9 le niveau f\u00e9d\u00e9ral doit porter au niveau international et \u00e0 l&#8217;Union europ\u00e9enne la voix de la maison Belgique, il est \u00e9vident que c&#8217;est inconfortable, comme quand un avocat conseille \u00e0 un client de ne pas faire quelque chose et que le client choisit de le faire. Il arrive alors que cet avocat prenne ses distances. Il doit le faire en l&#8217;esp\u00e8ce, et c&#8217;est pour cette raison qu&#8217;il y a eu cette expression, car elle est tourn\u00e9e vers la volont\u00e9 de faire mieux. Nous devons trouver une solution pour que notre f\u00e9d\u00e9ralisme, qui a atteint un degr\u00e9 tr\u00e8s avanc\u00e9 en termes de comp\u00e9tences, fonctionne d\u00e9sormais.<\/p>\n<p style=\"text-align: justify\">Je vais voyager avec les ministres r\u00e9gionaux la semaine prochaine en train. Je compenserai les \u00e9missions de CO2 avec les indemnit\u00e9s qui ont \u00e9t\u00e9 calcul\u00e9es. C&#8217;est pour cette raison que j&#8217;ai d\u00e9cid\u00e9 de changer de mode de transport. Il s&#8217;agissait de 20 heures de train. Il aurait \u00e9t\u00e9 tr\u00e8s difficile de prendre le train le dimanche apr\u00e8s la marche pour arriver le lundi matin et revenir le lundi en fin de journ\u00e9e pour assister \u00e0 la commission parlementaire le mardi.<\/p>\n<p style=\"text-align: justify\">Vous me permettrez de terminer, monsieur de Lamotte, en disant qu&#8217;il y a des choses que nous devons faire, qu&#8217;il y a des choses qui doivent nous permettre d&#8217;avancer. Avec les quatre ministres du Climat, nous le dirons ensemble et fortement, lors du segment minist\u00e9riel de la COP24, soyez-en assur\u00e9s!<\/p>\n<blockquote><p><span style=\"font-size: x-large\"><strong>Ma r\u00e9plique<\/strong><\/span><\/p><\/blockquote>\n<p style=\"text-align: justify\">M<img loading=\"lazy\" decoding=\"async\" class=\"wp-image-703 alignleft\" src=\"https:\/\/sarahschlitz.be\/wp-content\/uploads\/sites\/300\/2018\/12\/Claim-Climate-3.jpg\" alt=\"\" width=\"254\" height=\"191\" srcset=\"https:\/\/sarahschlitz.be\/wp-content\/uploads\/sites\/300\/2018\/12\/Claim-Climate-3.jpg 960w, https:\/\/sarahschlitz.be\/wp-content\/uploads\/sites\/300\/2018\/12\/Claim-Climate-3-300x225.jpg 300w, https:\/\/sarahschlitz.be\/wp-content\/uploads\/sites\/300\/2018\/12\/Claim-Climate-3-768x576.jpg 768w, https:\/\/sarahschlitz.be\/wp-content\/uploads\/sites\/300\/2018\/12\/Claim-Climate-3-510x382.jpg 510w\" sizes=\"(max-width: 254px) 100vw, 254px\" \/>onsieur le premier ministre, madame la ministre, je vous remercie tous les deux pour vos r\u00e9ponses. <strong>Je constate ici que l&#8217;on entend beaucoup de paroles et autant de promesses mais l\u00e0 o\u00f9 les d\u00e9cisions se prennent et o\u00f9 les choses peuvent bouger, on n&#8217;est pas \u00e0 la hauteur<\/strong>.<\/p>\n<p style=\"text-align: justify\">En parlant des politiques que vous avez mises en place, par exemple, votre politique fiscale, je constate qu&#8217;elle n&#8217;est pas du tout orient\u00e9e &#8220;climat&#8221; ou &#8220;efficacit\u00e9 \u00e9nerg\u00e9tique&#8221;. Il faudrait organiser un screening avec cette fameuse agence Climat afin de voir si c&#8217;est compatible avec l&#8217;Accord de Paris. Et j&#8217;en doute.<\/p>\n<p style=\"text-align: justify\">Si l&#8217;on veut organiser la COP26, monsieur le premier ministre, <strong>il va falloir \u00eatre beaucoup plus ambitieux<\/strong> que cela sinon cela sera la honte un peu comme quand la Pologne organise des COPs dans le but de freiner les ambitions des n\u00e9gociations.<\/p>\n<p style=\"text-align: justify\">Si vous voulez le faire, <strong>il vous faudra aller beaucoup plus loin<\/strong> que ce que l&#8217;on est en train de faire. J&#8217;entends encore <span style=\"text-decoration: underline\">aujourd&#8217;hui<\/span> des excuses et on se rejette la balle les uns sur les autres en incombant la faute aux autres plut\u00f4t qu&#8217;\u00e0 nous- m\u00eames.<\/p>\n<p style=\"text-align: justify\"><img loading=\"lazy\" decoding=\"async\" class=\"wp-image-705 alignright\" src=\"https:\/\/sarahschlitz.be\/wp-content\/uploads\/sites\/300\/2018\/12\/Claime-Climate-1.jpg\" alt=\"\" width=\"256\" height=\"192\" srcset=\"https:\/\/sarahschlitz.be\/wp-content\/uploads\/sites\/300\/2018\/12\/Claime-Climate-1.jpg 960w, https:\/\/sarahschlitz.be\/wp-content\/uploads\/sites\/300\/2018\/12\/Claime-Climate-1-300x225.jpg 300w, https:\/\/sarahschlitz.be\/wp-content\/uploads\/sites\/300\/2018\/12\/Claime-Climate-1-768x576.jpg 768w, https:\/\/sarahschlitz.be\/wp-content\/uploads\/sites\/300\/2018\/12\/Claime-Climate-1-510x382.jpg 510w\" sizes=\"(max-width: 256px) 100vw, 256px\" \/><\/p>\n<p style=\"text-align: justify\">Les gens eux, ils en ont marre et ils le disent. En marge de la manifestation de dimanche dernier, il y a les Gilets jaunes, ces gens qui n&#8217;en peuvent plus et qui d\u00e9fient les politiques. Le d\u00e9bat que l&#8217;on a eu aujourd&#8217;hui n&#8217;a fait que renforcer tout cela. Comme l&#8217;a dit Bouli Lanners :<\/p>\n<blockquote>\n<h3><span style=\"font-size: large\"><em><span style=\"font-family: Oswald;font-weight: normal\"><strong>il ne faudra pas vous \u00e9tonner si les gens viennent d\u00e9paver la rue de la Loi !<\/strong><\/span><\/em><\/span><\/h3>\n<\/blockquote>\n<\/div>\n<\/div>\n<\/div>\n<p>[\/et_pb_text][\/et_pb_column][\/et_pb_row][et_pb_row _builder_version=&#8221;3.17.1&#8243;][et_pb_column type=&#8221;3_5&#8243;][et_pb_video src=&#8221;https:\/\/www.youtube.com\/watch?v=cgliphe_67U&#8221; _builder_version=&#8221;3.17.1&#8243;]<\/p>\n<p>&nbsp;<\/p>\n<p>[\/et_pb_video][\/et_pb_column][et_pb_column type=&#8221;2_5&#8243;][\/et_pb_column][\/et_pb_row][et_pb_row][et_pb_column type=&#8221;4_4&#8243;][et_pb_blog _builder_version=&#8221;3.17.1&#8243; saved_tabs=&#8221;all&#8221; posts_number=&#8221;3&#8243; include_categories=&#8221;40&#8243; show_thumbnail=&#8221;off&#8221; show_author=&#8221;off&#8221; show_categories=&#8221;off&#8221; show_pagination=&#8221;off&#8221; fullwidth=&#8221;off&#8221; header_level=&#8221;h4&#8243; body_font_size=&#8221;13&#8243; body_line_height=&#8221;1.4em&#8221; \/][\/et_pb_column][\/et_pb_row][\/et_pb_section]<\/p>\n","protected":false},"excerpt":{"rendered":"<p>\u00a0\u00a0\u00a0 Monsieur le pr\u00e9sident, monsieur le premier ministre, chers coll\u00e8gues, je suis heureuse que nous puissions enfin aborder le sujet qui devrait tous nous pr\u00e9occuper au premier lieu, c&#8217;est-\u00e0-dire la question du climat. Monsieur le premier ministre, en d\u00e9cembre 2015 s&#8217;ouvrait la COP 21. Quinze mille personnes manifestaient \u00e0 Ostende. On se f\u00e9licitait alors d&#8217;avoir [&hellip;]<\/p>\n","protected":false},"author":1526,"featured_media":671,"comment_status":"open","ping_status":"open","sticky":false,"template":"","format":"standard","meta":{"_acf_changed":false,"_et_pb_use_builder":"on","_et_pb_old_content":"<div class=\"page\" title=\"Page 8\">\r\n<div class=\"layoutArea\">\r\n<div class=\"column\">\r\n\r\nMonsieur le pr\u00e9sident, monsieur le premier ministre, chers coll\u00e8gues, je suis heureuse que nous puissions enfin aborder le sujet qui devrait tous nous pr\u00e9occuper au premier lieu, c'est-\u00e0-dire la question du climat.\r\n\r\nMonsieur le premier ministre, en d\u00e9cembre 2015 s'ouvrait la COP 21. Quinze mille personnes manifestaient \u00e0 Ostende. On se f\u00e9licitait alors d'avoir trouv\u00e9 un accord ambitieux et contraignant. Mais quel est le bilan au bout de trois ann\u00e9es? Il ne s'est finalement rien pass\u00e9 ou pas pass\u00e9 grand'chose.\r\n\r\nCe dimanche, 75 000 personnes, m\u00e9contentes de l'absence d'ambition au niveau climatique, ont march\u00e9 dans les rues de Bruxelles. Une mobilisation historique. J'ai vu, \u00e0 cette manifestation, des gens qu'on ne voit jamais dans les manifestations. Il y avait ainsi mon comit\u00e9 de quartier, ma boulang\u00e8re. M\u00eame Marie- Christine Marghem \u00e9tait l\u00e0!\r\n\r\nQu'apprend-t-on? Que mardi, la Belgique a refus\u00e9 les objectifs europ\u00e9ens en mati\u00e8re d'efficacit\u00e9 \u00e9nerg\u00e9tique et d'\u00e9nergie renouvelable. On apprend que la Belgique s'assoit sur la r\u00e9solution interparlementaire vot\u00e9e \u00e0 l'unanimit\u00e9 par tous les parlements belges. On apprend que Mme Marghem a s\u00e9ch\u00e9 les r\u00e9unions avec les R\u00e9gions et que le f\u00e9d\u00e9ral tarde \u00e0 adopter sa propre contribution au Plan national Climat.\r\n\r\nMonsieur le premier ministre, mercredi, je vous ai entendu \u00e0 la radio. Vous avez dit que vous alliez vous battre pour que la Belgique puisse porter \u00e0 la COP 24 une position plus ambitieuse que celle que vous avez port\u00e9e pendant la premi\u00e8re semaine. C'est lundi que cela se joue. M.le ministre Crucke va aller porter la voix de la Belgique, la voix de tous les Belges. Septante-cinq mille Belges lui ont demand\u00e9 d'avoir enfin une ambition climatique.\r\n\r\nMonsieur le premier ministre, quel mandat allez- vous donner \u00e0 M. le ministre Crucke? Allez-vous enfin lui permettre de rejoindre le groupe des pays ambitieux qui vont exiger une rehausse rapide des objectifs?\r\n\r\nMonsieur le premier ministre, 500 jeunes vous ont \u00e9crit des lettres, au lieu d'\u00e9crire \u00e0 Saint-Nicolas. Ils ont pens\u00e9 que cela serait plus utile pour leur avenir. Je vais vous remettre ces lettres.\r\n<blockquote><strong>R\u00e9ponse group\u00e9e de Charles Michel, Premier ministre<\/strong><\/blockquote>\r\nMijnheer de voorzitter, beste collega's, de mars die enkele dagen geleden in Brussel plaatsvond, was natuurlijk een zeer sterk en belangrijk signaal. Ik heb onmiddellijk positief gereageerd, omdat ik als regeringsleider de verantwoordelijkheid draag om vanuit de meerderheid in het Parlement hard te werken en alles in te zetten om te zorgen voor een krachtig antwoord. Dat hebben wij ook trachten te doen de voorbije vier jaar, en dit in tegenstelling tot bepaalde informatie die men verspreidt.\r\n\r\nLes quatre derni\u00e8res ann\u00e9es, dans les enceintes europ\u00e9enne et internationale, nous avons \u00e0 chaque fois tent\u00e9 de porter en avant cette ambition et cet engagement.\r\n\r\nEnfin, je profite de cette tribune pour corriger un certain nombre d'\u00e9l\u00e9ments faux qui ont \u00e9t\u00e9 colport\u00e9s \u00e0 plusieurs reprises ces derniers jours. Par exemple, au sujet de la question de la directive sur l'efficacit\u00e9 \u00e9nerg\u00e9tique, ceux qui connaissent un peu les institutions savent que c'est une comp\u00e9tence pratiquement purement r\u00e9gionale. Au regard de nos modes de d\u00e9cision au sein d'un \u00c9tat f\u00e9d\u00e9ral, nous devons prendre en consid\u00e9ration \u2013 c'est une exigence constitutionnelle \u2013 les positions de ceux qui exercent la responsabilit\u00e9 et la comp\u00e9tence. Pendant des jours, j'ai entendu r\u00e9p\u00e9ter que c'est le gouvernement f\u00e9d\u00e9ral qui serait responsable de cette position!\r\n\r\nEn pratique, cette directive a \u00e9t\u00e9 approuv\u00e9e. Elle devra \u00eatre transpos\u00e9e et impl\u00e9ment\u00e9e.\r\n\r\nIk kom tot de COP24. Enkele dagen geleden pleegde ik overleg met Waals minister Jean-Luc Crucke, hoofd van de delegatie voor de COP24, waarbij hij mij verzekerde veel inspanningen te willen leveren opdat de voltallige Belgische delegatie haar maximale steun zou verlenen \u2014 dat hoop ik \u2014 aan dit zeer ambitieus doel, en in het bijzonder om het eens te worden met een groep van 15 landen die op dit punt naar meer ambitie streven.\r\n\r\nJe confirme que, s'agissant de ce sujet, les contacts avec le ministre wallon en charge de la direction de la d\u00e9l\u00e9gation permettront, je l'esp\u00e8re, de pouvoir afficher cette ambition.\r\n\r\nEnfin, je voudrais annoncer un autre \u00e9l\u00e9ment important. Le gouvernement wallon a fait une proposition que j'accueille avec int\u00e9r\u00eat. Je compte la soumettre au Conseil des ministres, voire au Comit\u00e9 de concertation. Il s'agit de la candidature de notre pays pour la COP26. J'accueille effectivement favorablement cette proposition et je sugg\u00e8re que ce point soit discut\u00e9 au sein du Comit\u00e9 de concertation.\r\n\r\nIk heb ook gehoord dat men daden verwacht, geen woorden. Des actes, nous en avons r\u00e9alis\u00e9, et nous allons continuer \u00e0 en r\u00e9aliser.\r\n<ol>\r\n \t<li>Premier exemple. Dans le cadre des \u00e9nergies renouvelables, nous allons, \u00e0 l'horizon 2030, gr\u00e2ce \u00e0 nos mesures pour l'offshore en mer du Nord, disposer de l'\u00e9quivalent de quatre centrales nucl\u00e9aires. Ce sont des actes, des faits.<\/li>\r\n \t<li>Deuxi\u00e8me exemple. Nous sommes le deuxi\u00e8me pays d'Europe \u00e0 avoir lanc\u00e9 les green bonds, pour stimuler la finance qui prend en consid\u00e9ration cette exigence climatique.<\/li>\r\n \t<li>Troisi\u00e8me exemple. Dans notre syst\u00e8me fiscal, tel qu'il a \u00e9t\u00e9 r\u00e9form\u00e9, on insiste beaucoup plus sur l'innovation technologique pour rencontrer cette exigence. L'innovation est probablement un des \u00e9l\u00e9ments cl\u00e9s<\/li>\r\n \t<li>Het vierde voorbeeld, burden sharing. Jarenlang waren degenen die vandaag de les willen spellen niet in staat om tot een akkoord te komen inzake de burden sharing. Wel, tijdens deze legislatuur werd dienaangaande voor de eerste keer wel een akkoord bereikt.<\/li>\r\n \t<li>Enfin, la strat\u00e9gie \u00e9nerg\u00e9tique. L\u00e0 aussi, il y a pour la premi\u00e8re fois une feuille de route entre les R\u00e9gions et le f\u00e9d\u00e9ral, avec la n\u00e9cessit\u00e9 de travailler jour apr\u00e8s jour pour continuer \u00e0 la mettre en \u0153uvre.<\/li>\r\n<\/ol>\r\nVoil\u00e0 six ou sept exemples concrets qui montrent une tr\u00e8s forte mobilisation et qui vont bien au-del\u00e0 des raccourcis caricaturaux, comme souvent, entendus dans la bouche de l'opposition.\r\n<blockquote><strong>R\u00e9ponse group\u00e9e de Marie Christine Marghem, Ministre de l'environnement et du d\u00e9veloppement durable<\/strong><\/blockquote>\r\nMonsieur le pr\u00e9sident, chers coll\u00e8gues, je vous remercie pour vos questions.\r\n\r\nle premier ministre a d\u00e9j\u00e0 \u00e9pingl\u00e9 et \u00e9grain\u00e9 les actions men\u00e9es, qui sont r\u00e9solument tourn\u00e9es vers de l'ambition en mati\u00e8re de politique climatique. En effet, dans les deux cas qui concernent le burden sharing, qui attendait depuis des ann\u00e9es d'\u00eatre conclu, nous avons r\u00e9ussi, au niveau f\u00e9d\u00e9ral, \u00e0 avoir le leadership n\u00e9cessaire pour que ce dossier aboutisse et que nous puissions aller la t\u00eate haute \u00e0 Paris et obtenir l'Accord de Paris.\r\n\r\nEnsuite, la strat\u00e9gie \u00e9nerg\u00e9tique f\u00e9d\u00e9rale qui est issue du pacte \u00e9nerg\u00e9tique interf\u00e9d\u00e9ral, nous l'avons \u00e9galement conclue avec le leadership n\u00e9cessaire pour faire en sorte qu'\u00e0 l'horizon 2030, puis 2050, nous ayons une voie trac\u00e9e en politique \u00e9nerg\u00e9tique et climatique qui aille dans le sens d'ambitions fortes.\r\n\r\nComme l'a dit M.le premier ministre, nous entendons des choses tr\u00e8s \u00e9tonnantes \u00e0 travers la mani\u00e8re dont certains d'entre vous racontent l'histoire au sujet du parcours d\u00e9cisionnel qui concerne ces deux directives. C'est d'autant plus surprenant que certains d'entre vous \u00e9taient pr\u00e9sents au vote de la sixi\u00e8me r\u00e9forme de l'\u00c9tat. Vous savez que, dans ce cadre, une politique de r\u00e9gionalisation de plus en plus pouss\u00e9e donne aux R\u00e9gions des comp\u00e9tences sans cesse plus importantes, dans une logique nouvelle qui, \u00e0 ce moment, consiste \u00e0 mettre les R\u00e9gions sur le m\u00eame pied d'\u00e9galit\u00e9 que le f\u00e9d\u00e9ral. Les R\u00e9gions veulent des comp\u00e9tences. Il faut donc qu'elles les assument. \u00c0 partir du moment o\u00f9 nous sommes dans un f\u00e9d\u00e9ralisme d\u00e9crit comme mature et adulte au moment de la sixi\u00e8me r\u00e9forme de l'\u00c9tat, il faut que chaque niveau de pouvoir assume ses comp\u00e9tences. C'est ce qui se passe ici.\r\n\r\nNonante-neuf pour cent de la politique d'efficacit\u00e9 \u00e9nerg\u00e9tique sont entre les mains des R\u00e9gions. Nous ne pouvons pas intervenir parce que nous ne pouvons pas empi\u00e9ter sur les comp\u00e9tences d\u00e9sir\u00e9es et qui doivent \u00eatre assum\u00e9es par ces niveaux de pouvoir.\r\n\r\nEn outre, nous sommes comp\u00e9tents pour une partie de la production d'\u00e9nergie renouvelable avec les \u00e9oliennes en mer du Nord. Nous nous appr\u00eatons, au-del\u00e0 de 2021, \u00e0 cr\u00e9er un nouveau parc \u00e9olien de 221 kilom\u00e8tres carr\u00e9s pour une puissance install\u00e9e en \u00e9oliennes \u2013 qui seront choisies sur la base de march\u00e9s publics \u2013 de presque 2 gigawatts. Avec le financial close des deux derniers parcs \u00e9oliens de la premi\u00e8re p\u00e9riode, s'\u00e9talant de 2013 \u00e0 2020, nous aurons effectivement, \u00e0 l'horizon 2030, 4 gigawatts de puissance install\u00e9e en mer du Nord.\r\n\r\nLe f\u00e9d\u00e9ral aura rempli toutes les zones possibles en mer du Nord en mati\u00e8re de production d'\u00e9nergie renouvelable. Nous agissons avec ambition dans les comp\u00e9tences qui sont les n\u00f4tres. Toutes les autres comp\u00e9tences en \u00e9nergie renouvelable sont d\u00e9tenues et doivent \u00eatre assum\u00e9es, dans ce f\u00e9d\u00e9ralisme mature, par les R\u00e9gions qui ont les \u00e9oliennes onshore, la biomasse et les panneaux solaires.\r\n\r\nDans ces deux dossiers, que ce soit pour l'efficacit\u00e9 \u00e9nerg\u00e9tique ou le renouvelable, il y a eu un retrait des R\u00e9gions par rapport aux ambitions que la Commission europ\u00e9enne voulait relever. Dans la mesure o\u00f9 il serait int\u00e9ressant de revoir ce fonctionnement de mani\u00e8re intelligente, pourquoi ne pas cr\u00e9er une agence du climat (je l'ai entendu et j'avais moi-m\u00eame lanc\u00e9 l'id\u00e9e voici quelques ann\u00e9es), qui donnerait une visibilit\u00e9 aux questions climatiques et qui transcenderait les clivages qui existent au sein de notre organisation institutionnelle et qui se sont gripp\u00e9s au fil du temps.\r\n\r\nComme nous ne pouvons pas empi\u00e9ter sur les comp\u00e9tences les uns des autres, il revient \u00e0 chaque niveau de pouvoir d'exercer ses comp\u00e9tences. \u00c0 partir du moment o\u00f9 le niveau f\u00e9d\u00e9ral doit porter au niveau international et \u00e0 l'Union europ\u00e9enne la voix de la maison Belgique, il est \u00e9vident que c'est inconfortable, comme quand un avocat conseille \u00e0 un client de ne pas faire quelque chose et que le client choisit de le faire. Il arrive alors que cet avocat prenne ses distances. Il doit le faire en l'esp\u00e8ce, et c'est pour cette raison qu'il y a eu cette expression, car elle est tourn\u00e9e vers la volont\u00e9 de faire mieux. Nous devons trouver une solution pour que notre f\u00e9d\u00e9ralisme, qui a atteint un degr\u00e9 tr\u00e8s avanc\u00e9 en termes de comp\u00e9tences, fonctionne d\u00e9sormais.\r\n\r\nJe vais voyager avec les ministres r\u00e9gionaux la semaine prochaine en train. Je compenserai les \u00e9missions de CO2 avec les indemnit\u00e9s qui ont \u00e9t\u00e9 calcul\u00e9es. C'est pour cette raison que j'ai d\u00e9cid\u00e9 de changer de mode de transport. Il s'agissait de 20 heures de train. Il aurait \u00e9t\u00e9 tr\u00e8s difficile de prendre le train le dimanche apr\u00e8s la marche pour arriver le lundi matin et revenir le lundi en fin de journ\u00e9e pour assister \u00e0 la commission parlementaire le mardi.\r\n\r\nVous me permettrez de terminer, monsieur de Lamotte, en disant qu'il y a des choses que nous devons faire, qu'il y a des choses qui doivent nous permettre d'avancer. Avec les quatre ministres du Climat, nous le dirons ensemble et fortement, lors du segment minist\u00e9riel de la COP24, soyez-en assur\u00e9s!\r\n<blockquote><strong>Ma r\u00e9plique<\/strong><\/blockquote>\r\nMonsieur le premier ministre, madame la ministre, je vous remercie tous les deux pour vos r\u00e9ponses. Je constate ici que l'on entend beaucoup de paroles et autant de promesses mais l\u00e0 o\u00f9 les d\u00e9cisions se prennent et o\u00f9 les choses peuvent bouger, on n'est pas \u00e0 la hauteur.\r\n\r\nEn parlant des politiques que vous avez mises en place, par exemple, votre politique fiscale, je constate qu'elle n'est pas du tout orient\u00e9e \"climat\" ou \"efficacit\u00e9 \u00e9nerg\u00e9tique\". Il faudrait organiser un screening avec cette fameuse agence Climat afin de voir si c'est compatible avec l'Accord de Paris. Et j'en doute.\r\n\r\nSi l'on veut organiser la COP26, monsieur le premier ministre, il va falloir \u00eatre beaucoup plus ambitieux que cela sinon cela sera la honte un peu comme quand la Pologne organise des cups dans le but de freiner les ambitions des n\u00e9gociations.\r\n\r\nSi vous voulez le faire, il vous faudra aller beaucoup plus loin que ce que l'on est en train de faire. J'entends encore aujourd'hui des excuses et on se rejette la balle les uns sur les autres en incombant la faute aux autres plut\u00f4t qu'\u00e0 nous- m\u00eames.\r\n\r\nLes gens eux, ils en ont marre et ils le disent. En marge de la manifestation de dimanche dernier, il y a les Gilets jaunes, ces gens qui n'en peuvent plus et qui d\u00e9fient les politiques. Le d\u00e9bat que l'on a eu aujourd'hui n'a fait que renforcer tout cela. Comme l'a dit Bouli Lanners :\r\n<blockquote><em><strong>il ne faudra pas vous \u00e9tonner si les gens viennent d\u00e9paver la rue de la Loi!<\/strong><\/em><\/blockquote>\r\n\u00a0\r\n\r\n<\/div>\r\n<\/div>\r\n<\/div>","_et_gb_content_width":"","footnotes":""},"categories":[4,40,6],"tags":[],"class_list":["post-697","post","type-post","status-publish","format-standard","has-post-thumbnail","hentry","category-archives","category-climat","category-question-parlementaire"],"acf":[],"_links":{"self":[{"href":"https:\/\/sarahschlitz.be\/nl\/wp-json\/wp\/v2\/posts\/697","targetHints":{"allow":["GET"]}}],"collection":[{"href":"https:\/\/sarahschlitz.be\/nl\/wp-json\/wp\/v2\/posts"}],"about":[{"href":"https:\/\/sarahschlitz.be\/nl\/wp-json\/wp\/v2\/types\/post"}],"author":[{"embeddable":true,"href":"https:\/\/sarahschlitz.be\/nl\/wp-json\/wp\/v2\/users\/1526"}],"replies":[{"embeddable":true,"href":"https:\/\/sarahschlitz.be\/nl\/wp-json\/wp\/v2\/comments?post=697"}],"version-history":[{"count":10,"href":"https:\/\/sarahschlitz.be\/nl\/wp-json\/wp\/v2\/posts\/697\/revisions"}],"predecessor-version":[{"id":1412,"href":"https:\/\/sarahschlitz.be\/nl\/wp-json\/wp\/v2\/posts\/697\/revisions\/1412"}],"wp:featuredmedia":[{"embeddable":true,"href":"https:\/\/sarahschlitz.be\/nl\/wp-json\/wp\/v2\/media\/671"}],"wp:attachment":[{"href":"https:\/\/sarahschlitz.be\/nl\/wp-json\/wp\/v2\/media?parent=697"}],"wp:term":[{"taxonomy":"category","embeddable":true,"href":"https:\/\/sarahschlitz.be\/nl\/wp-json\/wp\/v2\/categories?post=697"},{"taxonomy":"post_tag","embeddable":true,"href":"https:\/\/sarahschlitz.be\/nl\/wp-json\/wp\/v2\/tags?post=697"}],"curies":[{"name":"wp","href":"https:\/\/api.w.org\/{rel}","templated":true}]}}