{"id":5760,"date":"2024-02-26T18:23:36","date_gmt":"2024-02-26T17:23:36","guid":{"rendered":"https:\/\/sarahschlitz.be\/?p=5760"},"modified":"2024-03-07T22:06:24","modified_gmt":"2024-03-07T21:06:24","slug":"8mars-calendrier","status":"publish","type":"post","link":"https:\/\/sarahschlitz.be\/nl\/8mars-calendrier\/","title":{"rendered":"(Fran\u00e7ais) #8mars 2024 : agenda militant \u00e0 Li\u00e8ge, Bruxelles et en Wallonie"},"content":{"rendered":"<p>O\u00f9 retrouver les militant\u00b7es pour lutter et c\u00e9l\u00e9brer ensemble le 8 mars 2024 \u00e0 Li\u00e8ge, Bruxelles et partout en Wallonie.<\/p>\n<h4>Du c\u00f4t\u00e9 de la <strong>Province de Li\u00e8ge<\/strong> :<\/h4>\n<p><strong>Li\u00e8ge<\/strong> :<\/p>\n<ul>\n<li>29\/02 : La Piraterie organise des <a href=\"https:\/\/www.facebook.com\/events\/583379184009023\">a<span style=\"font-weight: 400\">teliers pancartes et bracelets de 18h00 \u00e0 19h30, chez Barricade.\u00a0<\/span><\/a><\/li>\n<li>29\/02 : <a href=\"https:\/\/www.facebook.com\/events\/404443948615047\/\">Jam de meufs<\/a> (en non-mixit\u00e9) de 19h30 \u00e0 00h00, au GARAGE CREATIVE MUSIC.<\/li>\n<li>04\/03 : <a href=\"http:\/\/tinyurl.com\/2jvmb36n\">Projection du documentaire &#8220;Balais lib\u00e9r\u00e9&#8221;<\/a> par le CVFE, \u00e0 19h00, dans les locaux du CVFE, rue Maghin 11.<\/li>\n<li>05\/03 : <span style=\"font-weight: 400\">Vernissage de l&#8217;exposition <a href=\"https:\/\/www.facebook.com\/events\/421634333656857\">&#8220;Tour du Monde des Droits des Femmes&#8221;<\/a>, de 17h00 \u00e0 19h30, \u00e0 la Cit\u00e9 Miroir. L&#8217;expo&#8217; est <a href=\"https:\/\/www.facebook.com\/events\/s\/exposition-tour-du-monde-des-d\/404754718889963\/\">disponible<\/a> du 6 au 14 mars, de 10h00 \u00e0 18h00.\u00a0<\/span><\/li>\n<li>06\/03 : <span style=\"font-weight: 400\"><span style=\"font-weight: 400\"><a href=\"https:\/\/www.facebook.com\/events\/405555478545451\/\">Soir\u00e9e f\u00e9ministe et queer des Grignoux<\/a> avec la projection des courts m\u00e9trages d&#8217;animation &#8220;Girls Girls Girls<\/span><\/span>\u00a0(Women\u2019s Perspective)&#8221; et &#8220;Queer Stories&#8221;, \u00e0 19h30, au cin\u00e9ma Sauveni\u00e8re.<\/li>\n<li>07\/03 : <a href=\"http:\/\/tinyurl.com\/2bdd6ys7\">Petit-d\u00e9jeuner et ateliers pancartes et slogans du CVFE<\/a>,\u00a0\u00e0 partir de 9h30, dans les locaux du CVFE, rue Maghin 11.<\/li>\n<li>07\/03 : <a href=\"http:\/\/tinyurl.com\/yshd2p7r\">Broderie f\u00e9ministe du CVFE<\/a>, de 17h30 \u00e0 20h, au CVFE, rue Maghin 11.<\/li>\n<li>08\/03 :\n<ul>\n<li><a href=\"https:\/\/l.facebook.com\/l.php?u=https%3A%2F%2Ffb.me%2Fe%2F4pWygBlCw&amp;h=AT0qoNxWXm3Ktt9wX-A98R5TCSTMKlXi6WOUGDAm_e6MgytURSvQzvFr2KEcdJs7JzjVR0bAjvKcxAmXUksralHrZDmwJJ3FGMPRKXT6O96X_jrpshulGI-zt3Mb-5W286NpDB5k-q8sZ8UnXJacGs4a\">Piquet de gr\u00e8ve f\u00e9ministe \u00e9tudiant, par le Cercle F\u00e9ministe de l&#8217;ULi\u00e8ge, d\u00e8s 08h00, Place du Vingt Ao\u00fbt.\u00a0<\/a><\/li>\n<li><a href=\"https:\/\/www.facebook.com\/100036004753646\/posts\/1128334738376674\/?mibextid=WC7FNe\">D\u00e9jeuner Conf\u00e9rence &#8220;\u00ab Sp\u00e9cial Femmes \u00bb : Elles nous inspirent et nous conseillent !&#8221;<\/a>, \u00e0 08h00, Centre d\u2019Interpr\u00e9tation de la Pierre de Sprimont (rue Joseph Potier 54 \u2013 Sprimont).<\/li>\n<li>Gr\u00e8ve contre le sexisme dans les soins, d\u00e8s 09h00 \u00e0 la Maison m\u00e9dicale du Laveu, Rue du Laveu, 76, 4000 Li\u00e8ge. Suivi d&#8217;un\u00a0 t<span style=\"font-weight: 400\">our des maisons m\u00e9dicales de Seraing, \u00e0 10h00, avec la chorale \u00c0 Tant\u00f4t \u00e0 V\u00e9lo. Pour les rejoindre et les contacter : 0487 45 70 89 ou &#108;&#x6f;r&#101;&#x74;t&#101;&#x64;e&#118;&#x40;g&#109;&#x61;&#105;&#x6c;&#x2e;&#99;&#x6f;&#x6d;.<\/span><\/li>\n<li><a href=\"https:\/\/www.instagram.com\/barbaria.collective\/\">Atelier cr\u00e9ation de pancartes par Barbaria Collective<\/a>, en mixit\u00e9 choisie de personnes sexis\u00e9es et racis\u00e9es, \u00e0 12h00, \u00e0 CKali.<\/li>\n<li><a href=\"https:\/\/www.facebook.com\/events\/910581096947292\">Cycloparade de Collectives et Ardentes<\/a>, 13h00, l\u2019Esplanade du B3.<\/li>\n<li><a href=\"https:\/\/www.facebook.com\/events\/236736369495211\">Piraterie &#8211; masse critique en mixit\u00e9 choisie,<\/a> \u00e0 18h00, Esplanade Saint-L\u00e9onard.<\/li>\n<li><a href=\"https:\/\/joc.be\/agenda\/projection-tell-your-tale-little-bird\/\">Projection \u00ab Tell your tale, little bird \u00bb<\/a> par la JOC, \u00e0 18h30, \u00e0 CCKali, Rue Saint-Thomas 32.<\/li>\n<li><a href=\"http:\/\/www.ccsoumagne.be\/agenda\/friday-frida-2\/\">Concert de Friday Frida<\/a>, \u00e0 20h00, au Centre Culturel de Soumagne.<\/li>\n<li><a href=\"https:\/\/www.facebook.com\/events\/s\/she-beats\/936518244745704\/?mibextid=9l3rBW\">Soir\u00e9e &#8220;She Beats&#8221;<\/a>, par June 4000, Burning Jill, et Borisse Nubile, par Mankaniche, Pourquoi devenir f\u00e9ministe, La Piraterie et le Cercle f\u00e9ministe de l\u2019ULi\u00e8ge, \u00e0 partir de 21h00, au Sympa Bar.<\/li>\n<\/ul>\n<\/li>\n<li>11\/03 : Conf\u00e9rence sur l&#8217;IVG par l&#8217;Helmo, \u00e0 17h30. Infos \u00e0 venir.<\/li>\n<li>22\/03 : <a href=\"https:\/\/www.facebook.com\/events\/s\/voix-feminines-parcours-et-def\/408888635027822\/\">D\u00e9bat &#8220;Voix F\u00e9minines : Parcours et D\u00e9fis, \u00eatre une femme en politique&#8221;<\/a> avec Vanessa Matz, Christie Morrealle, Alice Bernard, Catherine Delcourt et Sarah Schlitz, \u00e0 20h00, au Centre Culturel d&#8217;Herstal.<\/li>\n<\/ul>\n<p><strong>Verviers<\/strong> :<\/p>\n<ul>\n<li>28\/02 : <a href=\"https:\/\/www.verviers.be\/evenements\/2024\/cine-debat\">Cin\u00e9-d\u00e9bat du film &#8220;Vaillante&#8221;<\/a>, \u00e0 14h00, au Centre Culturel de Verviers, Espace Duesberg.<\/li>\n<li>06\/03 : <a href=\"https:\/\/www.verviers.be\/evenements\/2024\/lingui-liens-sacres\">Conf\u00e9rence<\/a> de M\u00e9decins du Monde, Madame Sophie Devill\u00e9, Coordinatrice Programme Wallonie, et Madame Sarah Melsens, Charg\u00e9e de plaidoyer Aide M\u00e9dicale Urgente, suivie de la projection du film &#8220;Lingui &#8211; les liens sacr\u00e9s&#8221; et du d\u00e9bat \u00ab Femmes migrantes et IVG \u00bb, \u00e0 14h00, au \u00a0CRVI &#8211; Centre R\u00e9gional de Verviers pour l&#8217;Int\u00e9gration des personnes \u00e9trang\u00e8res ou d&#8217;origine \u00e9trang\u00e8re.<\/li>\n<li>08\/03 : <a href=\"https:\/\/www.verviers.be\/evenements\/2024\/spectacle-une-journee-ordinaire\">Spectacle de la pi\u00e8ce de th\u00e9\u00e2tre &#8220;Une Journ\u00e9e Ordinaire&#8221;,<\/a> par les r\u00e9gionales PAC et Soralia de Verviers, \u00e0 20h00, au Malmundarium (Salle du Chapitre).<\/li>\n<li>09\/03 : <a href=\"https:\/\/www.verviers.be\/evenements\/2024\/cycloparade-une-action-commune-verviers-dison\">Cycloparade de Verviers\/Dison<\/a>, de 11h00 \u00e0 16h00, \u00e0 l&#8217;Espace tremplin (Dison).<\/li>\n<li>15\/03 : <a href=\"https:\/\/www.verviers.be\/evenements\/2024\/conference-spectacle\">Conf\u00e9rence spectacle &#8220;Comment r\u00e9cup\u00e9rer du temps pour soi quand on est une femme active ?&#8221;<\/a>, de 17h00 \u00e0 19h00, au Centre Culturel de Verviers (Espace Duesberg).<\/li>\n<li>19\/03 : <a href=\"https:\/\/www.verviers.be\/evenements\/2024\/cafe-politique\">Caf\u00e9 Politique &#8220;\u00catre femme \u00e0 Gaza en temps de guerre&#8221;<\/a>, par Bissane ABU EL NAJA et Yamina BOUNIR, \u00e0 19h30, \u00e0 la Salle polyvalente de PAC (Espace Duesberg).<\/li>\n<\/ul>\n<p><strong>Huy-Waremme<\/strong>\u00a0:<\/p>\n<ul>\n<li>09\/03 : <a href=\"https:\/\/www.huy.be\/evenements\/journee-internationale-des-droits-des-femmes-1\">Petit d\u00e9jeuner et tombola par Le Collectif Femmes Condroz-Huy-Hesbaye<\/a>, de 9h00 \u00e0 11h00, Rue des Soeurs Grises \u00e0 Huy.<\/li>\n<li>09\/03 : <a href=\"https:\/\/www.huy.be\/evenements\/journee-internationale-des-droits-des-femmes-1\">Vernissage de l&#8217;exposition &#8220;Fallait demander&#8221; &#8211; Exposition de Emma<\/a>, sur le th\u00e8me de la charge mentale, par la Synergie Wallonie pour l&#8217;\u00e9galit\u00e9 entre les femmes et les hommes, \u00e0 13h00, Au Centre Culturel de Huy. L&#8217;exposition est \u00e9galement accessible le 10 mars de 10h00 \u00e0 18h00.<\/li>\n<li>09\/03 :<a href=\"https:\/\/www.huy.be\/evenements\/journee-internationale-des-droits-des-femmes-1\"> \u00c9change-d\u00e9bat &#8220;Matriarcat, patriarcat, patrimoine et matrimoine : o\u00f9 est la femme ?&#8221;<\/a>, \u00e0 14h00, au Soroptimist club.<\/li>\n<li>09\/03 :\u00a0<a href=\"https:\/\/www.huy.be\/evenements\/journee-internationale-des-droits-des-femmes-1\">Spectacle de la pi\u00e8ce de th\u00e9\u00e2tre &#8220;Une Journ\u00e9e Ordinaire&#8221;<\/a>, en collaboration avec Soralia et Pr\u00e9sence et Action Culturelles de Verviers, \u00e0 20h00, au Centre Culturel de Huy.<\/li>\n<li>10\/03 : <a href=\"https:\/\/centrecultureldehuy.be\/agenda\/acte8-questions-de-genres\/il-etait-une-fille-range-ta-chambre\/\">Lecture pour enfants &#8220;Il \u00e9tait une fille &#8211; Range ta chambre&#8221;<\/a>, \u00e0 10h30, au Centre culturel de Huy.<\/li>\n<li>11\/03 : Conf\u00e9rence <a href=\"https:\/\/www.huy.be\/evenements\/journee-internationale-des-droits-des-femmes-1\">&#8220;Tour d&#8217;horizon de la condition juridique des femmes&#8221;<\/a> de Marie-Sophie Silan, par l&#8217;Universit\u00e9 du Temps Disponible de Huy, \u00e0 14h30, rue Sous-le-Ch\u00e2teau, 37 \u00e0 Huy.<\/li>\n<\/ul>\n<p><strong>Eupen<\/strong> :<\/p>\n<ul>\n<li>08\/03 : <a href=\"https:\/\/www.facebook.com\/viertelhaus.cardijn.37\/posts\/816535390500793\">Soir\u00e9e musique avec le trio &#8220;COLIMA&#8221;<\/a>, \u00e0 partir de 18h30, Monschauerstra\u00dfe 10, Eupen.<\/li>\n<\/ul>\n<h4>Du c\u00f4t\u00e9 de <strong>Bruxelles<\/strong> :<\/h4>\n<ul>\n<li>06\/03 : Inauguration de la fresque des silhouettes urbaines du projet &#8220;\u00c0 Nous la Rue&#8221; de Versailles, \u00e0 14h00, Avenue de Versailles 133, Bruxelles.<\/li>\n<li>06\/03 : <a href=\"https:\/\/www.facebook.com\/events\/1653065488832252\/1653065495498918\/?acontext=%7B%22event_action_history%22%3A[]%7D\">Ateliers pancartes et banderoles du collectif M\u00e8res Veilleuses<\/a>, pour le piquet de gr\u00e8ve du 8 mars, d\u00e8s 17h30, \u00e0 la Maison des Cultures de Saint-Gilles (Rue de Belgrade 120).<\/li>\n<li>07\/03 : Journ\u00e9e sur les Femmes en Justice de l&#8217;Union professionnelle des traducteurs et interpr\u00e8tes jur\u00e9s, de 13h00 \u00e0 17h30, \u00e0 l&#8217;auditoire Bordet du SPF Justice de Bruxelles (boulevard de Waterloo 115 &#8211; 1000 Bruxelles). L&#8217;entr\u00e9e est payante mais possibilit\u00e9 d&#8217;\u00eatre sur guest liste (pour ce faire, contactez Lara Lombard).<\/li>\n<li>07\/03 : <a href=\"https:\/\/www.facebook.com\/events\/s\/le-cool-avant-lorage-atelier-p\/907640221063757\/\">Ateliers de pancartes et dj set par Les Sous-Entendu\u00b7e\u00b7s<\/a>, \u00e0 18h00, dans les locaux de La Fonderie (27 rue Ransfort \u00e0 1080).<\/li>\n<li>07\/03 : <span style=\"font-weight: 400\">Vernissage de l&#8217;exposition <a href=\"https:\/\/www.facebook.com\/events\/s\/vernissage-lexpo-clito-la-seco\/1829881277469688\/\">&#8220;Expo Clito &#8211; La deuxi\u00e8me origine du monde&#8221;<\/a>, \u00e0 partir de 18h00, avec la performance de l&#8217;artiste A\u00efda Patricia Schweitzer : &#8220;Je est un.e autre&#8221; \u00e0 19h15, \u00e0 l&#8217;ULB, Campus du Solbosch (Salle Allende).<\/span><\/li>\n<li>08\/03 : <a href=\"https:\/\/www.facebook.com\/events\/1653065488832252\/1653065495498918\/?acontext=%7B%22event_action_history%22%3A[]%7D\">Piquet de gr\u00e8ve du collectif M\u00e8res Veilleuses<\/a>, \u00e0 10h00, devant le Tribunal de la Famille de Bruxelles (Rue des quatre bras), pour d\u00e9noncer les violences syst\u00e9miques que les m\u00e8res subissent lors des proc\u00e9dures judiciaires.<\/li>\n<li>08\/03 : <a href=\"https:\/\/www.facebook.com\/events\/939087917892318?ref=newsfeed\">Marche nationale<\/a> pour la j<span style=\"font-weight: 400\">ourn\u00e9e de lutte pour les droits des femmes, <\/span><span style=\"font-weight: 400\">avec un village f\u00e9ministe d\u00e8s 14h \u00e0 la Gare Centrale suivie d&#8217;une manifestation <\/span>\u00e0 17h00. <span style=\"font-weight: 400\">Pour rejoindre le bloc ECOLO, toutes les infos <a href=\"https:\/\/ecolo.be\/evenement\/journee-de-lutte-pour-les-droits-des-femmes-2\/?fbclid=IwAR2QUjgIjqw_x1FvR2vjXJ0KH5kraE85A2qhe9OgdUILP0gTh7a9S4wJiSo\">ici<\/a>.\u00a0<\/span><\/li>\n<li>09\/03 : <span style=\"font-weight: 400\"><a href=\"https:\/\/www.facebook.com\/events\/s\/les-volumineuses-vol-6\/764283402246505\/\">Aprem et Soir\u00e9e RnB, Hyperpopp et Trap par les Volumineuses<\/a>, de 14h00 \u00e0 01h00, \u00e0 l&#8217;Espace Magh.<\/span><\/li>\n<li>09\/03 : Stand-up\u00a0<a href=\"https:\/\/lejacquesfranck.be\/event\/plus-dr%C3%B4les-que-lae-plus-dr%C3%B4le-de-tes-potes\/2024-03-09\/\">&#8220;En avant tou(s)tes&#8221; organis\u00e9 par les Sous-Entendu.e.s<\/a>,\u00a0de plusieurs humoristes FINTA ; Yousra, Alba Fourchette, Sarah L\u00e9l\u00e9 (MC), Letizia , Serine Ayari et Moana; suivi d&#8217;une performance de Kongi et d&#8217;un dj set de Raql, de 17h45 \u00e0 01h00, au Centre Culturel Jacques Franck.<\/li>\n<li>14\/03 : <a href=\"https:\/\/kinograph.brussels\/film\/le-cine-club-des-sous-entendu%c2%b7e%c2%b7s-promising-young-women\/\">Cin\u00e9 club au Kino &#8220;Promising young woman&#8221; par les Sous-Entendu.e.s<\/a>, suivi d&#8217;une discussion avec Clara L\u00e9vy (Paye ton tournage) et Elli Mastorou, \u00e0 20h00, au Studio 5.\n<div>\n<div>\n<div><\/div>\n<\/div>\n<\/div>\n<\/li>\n<\/ul>\n<h4>Du c\u00f4t\u00e9 du <strong>Brabant Wallon<\/strong> :<\/h4>\n<ul>\n<li>01\/03 &#8211; 22\/03 : Le Festiv&#8217;Elles 2024 : <a href=\"https:\/\/www.facebook.com\/events\/944925867258252\/950219053395600\/?acontext=%7B%22event_action_history%22%3A[%7B%22mechanism%22%3A%22surface%22%2C%22surface%22%3A%22permalink%22%7D]%2C%22ref_notif_type%22%3Anull%7D\">Festival du film sur les droits des femmes, au Cin\u00e94, de Nivelles.<\/a> Quatre projections sont pr\u00e9vues, le 01\/03 \u00e0 20h00 :\u00a0 Smoke Sauna Sisterhood. Le 08\/03 \u00e0 20h00, Les Invisibles. Le 15\/03 \u00e0 20h00, C&#8217;\u00e8 ancora domani. Le 22\/03, \u00e0 18h00, le court m\u00e9trage &#8220;Affaires de Famille&#8221;.<\/li>\n<li>02\/03 : Stand du<a href=\"https:\/\/www.facebook.com\/collectifdesfemmesasbl\/events\/?id=100066815306793&amp;sk=events&amp;locale=fr_FR\"> Collectif des femmes<\/a> sur le march\u00e9 de LLN, de 10h00 \u00e0 14h00.<\/li>\n<li>04\/03 : Moment d&#8217;\u00e9changes et <a href=\"https:\/\/www.facebook.com\/events\/751070440304376\/751070450304375?locale=fr_FR\">ateliers de cr\u00e9ation de pin\u2019s f\u00e9ministes au Collectif des femmes, de 12h00 \u00e0 13h00, <\/a>Avenue du Grand Cortil, 15A, 1348 Louvain-la-Neuve.<\/li>\n<li>04\/03 : <a href=\"https:\/\/fb.me\/e\/4NXFREYPA\">Soir\u00e9e de r\u00e9flexion<\/a><span style=\"font-weight: 400\"><span style=\"font-weight: 400\"> sur les situations de violences sexistes et sexuelles au sein des collectifs, par le Kot-\u00e0-projet l&#8217;Angela et Chez Zelle, de <\/span><\/span>18h30 \u00e0 21h00, dans le les locaux de Chez Zelle &#8211; Voie des Hennuyers 3, Louvain-la-Neuve.<\/li>\n<li>05\/03 : Stand du Collectif des femmes sur le march\u00e9 de LLN, de 10h00 \u00e0 14h00.<\/li>\n<li>05\/03 : <span style=\"font-weight: 400\"><span style=\"font-weight: 400\">\u00a0<a href=\"https:\/\/www.facebook.com\/events\/912572223832785?ref=newsfeed\">Feminist &amp; Queer Party &#8211; le sabbat des sorci\u00e8res<\/a> du kot-\u00e0-projet de l&#8217;Angela de Louvain-La-Neuve. Ateliers cr\u00e9atifs \u00e0 19h30, concert des rappeuses\/slameuses f\u00e9ministes Mel Moya &amp; Lily Azam \u00e0<\/span><\/span> 21h30, suivi du <span style=\"font-weight: 400\">concert de pop cold wave et post-punk de Venim Carmin \u00e0 22h30 et <\/span><span style=\"font-weight: 400\">dj set de Kika \u00e0 00h00, dans les locaux de Chez Zelle, Louvain-la-Neuve.\u00a0<\/span><\/li>\n<li>06\/03: <a href=\"https:\/\/www.facebook.com\/events\/s\/feminins-rielles\/838340404716780\/\">Projection organis\u00e9e par Soralia BW, du film &#8220;La syndicaliste&#8221;<\/a>, \u00e0 19h30, suivie d&#8217;une rencontre avec Blanche Garcia, responsable Femmes CSC BW, au Centre culturel de Tubize &#8211; Th\u00e9\u00e2tre du Gymnase.<\/li>\n<li>07\/03 : <a href=\"https:\/\/facebook.com\/events\/s\/table-ronde-femmes-et-droits-q\/1080534646541220\/)\">Table ronde du Collectif des femmes<\/a>, \u00e0 19h30, \u00e0 Ottignies.<\/li>\n<li>\n<p class=\"x11i5rnm xat24cr x1mh8g0r x1vvkbs xtlvy1s\">07\/03 : <a href=\"https:\/\/www.facebook.com\/events\/1232968214142112\/?acontext=%7B%22source%22%3A%2229%22%2C%22ref_notif_type%22%3A%22event_profile_plus_create%22%2C%22action_history%22%3A%22null%22%7D&amp;notif_id=1708684024511198&amp;notif_t=event_profile_plus_create&amp;ref=notif\">Soir\u00e9e arpentage &#8211; lecture collective du livre &#8220;Hilaria&#8221; de Irene<\/a> par l&#8217;Angela, \u00e0 20h00, dans les locaux de Chez Zelle.<\/p>\n<\/li>\n<li>08\/03 : Jounr\u00e9e de lutte internationale pour les droits des femmes\n<ul>\n<li>10h00-14h00 : <a href=\"https:\/\/facebook.com\/events\/s\/super-maria-grimpe-pour-trouve\/404766255274090\/\">Grimpe \u00e0 la salle d\u2019escalade de Nivelles avec les femmes CSC<\/a>.<\/li>\n<li>10h00-13h00 : <a href=\"https:\/\/www.facebook.com\/events\/1641501746381523?ref=newsfeed\">Stand de l\u2019Angela (LLN)<\/a>, suivi d&#8217;un <a href=\"https:\/\/www.facebook.com\/events\/1641501746381523?ref=newsfeed\">Sit in,<\/a> d\u00e8s 13h00, Place de l\u2019Universit\u00e9 de Louvain-La-Neuve.<\/li>\n<li>18h30 : <a href=\"https:\/\/facebook.com\/events\/s\/feminins-rielles\/838340404716780\/\">Book-club sur le th\u00e8me des &#8220;destins de femmes&#8221;, de la biblioth\u00e8que de Tubize et Soralia BW<\/a>.<\/li>\n<li>20h00 : <a href=\"https:\/\/facebook.com\/events\/s\/cine-debat-de-courts-metrages-\/383376617918210\/\">Soir\u00e9e court-m\u00e9trages f\u00e9ministes du Monde Selon les Femmes au Quatre Quart,<\/a> \u00e0 Court-St-Etienne.<\/li>\n<\/ul>\n<\/li>\n<\/ul>\n<h4>Du c\u00f4t\u00e9 de <strong>Namur<\/strong> :<\/h4>\n<ul>\n<li>04\/03 : <a href=\"https:\/\/www.facebook.com\/events\/925383592163632\">Activit\u00e9 de sensibilisation au GAMS<\/a>, par le Centre d&#8217;accueil Croix-Rouge d&#8217;Yvoir &#8220;Pierre Bleue&#8221;, de 10h00 \u00e0 12h00, Rue du Redeau 64, 5530 Yvoir.<\/li>\n<li>Du 04\/03 au 15\/03 : <a href=\"https:\/\/www.facebook.com\/photo\/?fbid=817264743774788&amp;set=a.467838925384040&amp;locale=fr_FR\">Expostion &#8220;In\u00e9galit\u00e9s sociales li\u00e9es au genre&#8221;<\/a> par Namur&#8217;Elles, de 08h00 \u00e0 16h00, \u00e0 la maison des citoyenn.e.s de l&#8217;H\u00f4tel de Ville de Namur.<\/li>\n<li>05\/04 : <a href=\"https:\/\/www.facebook.com\/events\/s\/la-journee-des-droits-des-femm\/1067394934471197\/\">Conf\u00e9rence de Christine Mahy du R\u00e9seau Wallon de Lutte contre la Pauvret\u00e9<\/a>, dans le cadre du projet &#8220;La journ\u00e9e des droits des femmes, c&#8217;est toute l&#8217;ann\u00e9e&#8221;, \u00e0 09h45, suivie d&#8217;animations d\u00e8s 14h00, Rue Jaumain, 15 Assesse.<\/li>\n<li>06\/03 : <a href=\"https:\/\/www.facebook.com\/photo\/?fbid=817264743774788&amp;set=a.467838925384040&amp;locale=fr_FR\">Soir\u00e9e f\u00e9ministe et queer &#8211; Projection de deux courts m\u00e9trages<\/a>, de 19H00 \u00e0 20h30, au Cin\u00e9ma Cam\u00e9o.<\/li>\n<li>Du 06\/03 au 09\/03 : <a href=\"https:\/\/www.facebook.com\/photo\/?fbid=817264743774788&amp;set=a.467838925384040&amp;locale=fr_FR\">Lutte contre la pr\u00e9carit\u00e9 menstruelle<\/a> &#8220;Viens chercher ta cup\/culotte menstruelle&#8221;, de 12h00 \u00e0 14h30, \u00e0 l&#8217;Arsenal.<\/li>\n<li>07\/03 : <a href=\"https:\/\/www.facebook.com\/events\/925383592163632\/?active_tab=discussion\">Cin\u00e9-d\u00e9bat en collaboration avec l&#8217;Espace P<\/a>, par le Centre d&#8217;accueil Croix-Rouge d&#8217;Yvoir &#8220;Pierre Bleue&#8221;, de 18h00 \u00e0 20h30, salle de th\u00e9\u00e2tre Centre Bocq, Yvoir.<\/li>\n<li>08\/03 :\n<ul>\n<li><a href=\"https:\/\/www.facebook.com\/photo\/?fbid=817264743774788&amp;set=a.467838925384040&amp;locale=fr_FR\">Atelier collectif &#8211; m\u00e9ditation &#8211; Yoga du Rire, auberge espagnole,<\/a> de 09h00 \u00e0 17h00, \u00e0 la Maison de Quartier de Saint-Nicolas.<\/li>\n<li><a href=\"https:\/\/www.facebook.com\/photo\/?fbid=817264743774788&amp;set=a.467838925384040&amp;locale=fr_FR\">Moment de revendication &#8220;Super Maria grimpe pour trouver l&#8217;\u00e9quilibre vie pro\/vie perso&#8221;<\/a>, par les Femmes CSC, de 10h00 \u00e0 14h00, au Maniak Nivelles.<\/li>\n<li><a href=\"https:\/\/www.facebook.com\/photo\/?fbid=817264743774788&amp;set=a.467838925384040&amp;locale=fr_FR\">Journ\u00e9e de r\u00e9flexion et transmission du souvenir &#8220;Femmes : les oubli\u00e9es de l&#8217;Histoire des conflits arm\u00e9s&#8221;<\/a>, de 14h00 \u00e0 18h00, Auditoire Michaux, Bourse Place d&#8217;Armes.<\/li>\n<li><a href=\"https:\/\/www.facebook.com\/photo\/?fbid=817264743774788&amp;set=a.467838925384040&amp;locale=fr_FR\">Inauguration de l&#8217;Espace Vif<\/a>, le nouveau dispositif de prise en charge des violences conjugales et intrafamiliales, de 14h00 \u00e0 15h30, Bourse de Namur (Place d&#8217;Armes, 1).<\/li>\n<li><a href=\"https:\/\/www.facebook.com\/events\/925383592163632\/?active_tab=discussion\">Manifestation<\/a> organis\u00e9e pour la journ\u00e9e de lutte pour les droits des femmes, \u00e0 15h00, Pierre Bleue, Namur.<\/li>\n<li><a href=\"https:\/\/www.facebook.com\/events\/s\/8-mars-namur-greve-des-femmes\/755657079818713\/?mibextid=9l3rBW\">Gr\u00e8ve des femmes et village associatif &#8211; Manifestation organis\u00e9e par le Collectif 8 Mars Namur, \u00e0 15h00, Place d&#8217;Armes. Cort\u00e8ge de 16h00 \u00e0 18h00, suivi d&#8217;un After \u00e0 19h30, \u00e0 La Casserole.<\/a><\/li>\n<\/ul>\n<\/li>\n<li>09\/03 : <a href=\"https:\/\/www.facebook.com\/photo\/?fbid=817264743774788&amp;set=a.467838925384040&amp;locale=fr_FR\">Lecture du livre &#8220;Un d\u00e9tail mineur&#8221;, pr\u00e9c\u00e9d\u00e9 d&#8217;un petit-d\u00e9jeuner et suivi d&#8217;un arpentage<\/a>, par PAC Namur, \u00e0 10h00, Chez Juliette, Place Maurice Servais.<\/li>\n<\/ul>\n<h4>Du c\u00f4t\u00e9 du <strong>Hainaut<\/strong> :<\/h4>\n<ul>\n<li>01\/03 : <a href=\"https:\/\/femmesdemars.be\/project\/soiree-de-lancement\/?fbclid=IwAR3nGFDhzowZM50sSNkf3qiST5ufCIwujTnyNWuM8kEySZSAZkB31x8kY8E\">Soir\u00e9e de lancement du mois d&#8217;activit\u00e9s d\u00e9di\u00e9es<\/a> \u00e0 la journ\u00e9e du 8 mars par Les Femmes de Mars. Ateliers et ap\u00e9ro \u00e0 18h00, Pr\u00e9sentation de l&#8217;agenda \u00e0 18h30, DJ set de Djane D&#8217;Arc \u00e0 20h00 et de Roka Bamba \u00e0 22h00.<\/li>\n<li>Du 01\/03 au 31\/03, <a href=\"https:\/\/femmesdemars.be\/project\/soiree-de-lancement\/?fbclid=IwAR3nGFDhzowZM50sSNkf3qiST5ufCIwujTnyNWuM8kEySZSAZkB31x8kY8E\">Les Femmes de Mars organisent une activit\u00e9 par jour sur divers th\u00e8mes f\u00e9ministes.<\/a>\u00a0De la conf\u00e9rence, \u00e0 la projection, en passant par des ateliers cr\u00e9atifs, des soir\u00e9es, des moments musicaux et m\u00eame des d\u00e9bats, de la danse et des randonn\u00e9es !<\/li>\n<\/ul>\n<h4>Du c\u00f4t\u00e9 du <strong>Luxembourg<\/strong> :<\/h4>\n<ul>\n<li><span style=\"font-weight: 400\">08\/03 : <a href=\"https:\/\/www.facebook.com\/events\/2931645053639190?active_tab=about\">Vernissage de l&#8217;exposition &#8220;Femmes et Guerres&#8221;<\/a> par Vie F\u00e9minine, le Centre culturel de Neufch\u00e2teau et DeCour\u00e0Jardin, suivi de la rencontre Fahimeh Ilghami, iranienne ayant t\u00e9moign\u00e9 dans l&#8217;exposition, et \u00e9coute du choeur polyphonique Voix Chamades, \u00e0 18h00, au Moulin Klepper, Neufch\u00e2teau. L&#8217;exposition est disponible jusqu&#8217;au 22 mars 2024.\u00a0<\/span><\/li>\n<li><span style=\"font-weight: 400\">13\/03 : <\/span><a href=\"https:\/\/www.facebook.com\/events\/2931645053639190?active_tab=about\">Atelier d\u2019\u00e9criture anim\u00e9 par Marie-Andr\u00e9e Delhamende<\/a> bas\u00e9 sur les installations de l&#8217;exposition &#8220;Femmes et Guerres&#8221;, de 18h00 \u00e0 22h00, <span style=\"font-weight: 400\">au Moulin Klepper, Neufch\u00e2teau.<\/span><\/li>\n<li><span style=\"font-weight: 400\">22\/03 : <a href=\"https:\/\/www.facebook.com\/events\/2931645053639190?active_tab=about\">Conf\u00e9rence sur l&#8217;invisibilisation des femmes en temps de guerre par Sylvie Alexandre<\/a> (Paroles en l&#8217;air), \u00e0 20h00, au Moulin Klepper, Neufch\u00e2teau.<\/span><\/li>\n<\/ul>\n<p><\/p>","protected":false},"excerpt":{"rendered":"<p>O\u00f9 retrouver les militant\u00b7es pour lutter et c\u00e9l\u00e9brer ensemble le 8 mars 2024 \u00e0 Li\u00e8ge, Bruxelles et partout en Wallonie. Du c\u00f4t\u00e9 de la Province de Li\u00e8ge : Li\u00e8ge : 29\/02 : La Piraterie organise des ateliers pancartes et bracelets de 18h00 \u00e0 19h30, chez Barricade.\u00a0 29\/02 : Jam de meufs (en non-mixit\u00e9) de 19h30 [&hellip;]<\/p>\n","protected":false},"author":1530,"featured_media":5796,"comment_status":"closed","ping_status":"closed","sticky":false,"template":"","format":"standard","meta":{"_acf_changed":false,"_et_pb_use_builder":"","_et_pb_old_content":"","_et_gb_content_width":"","footnotes":""},"categories":[43],"tags":[],"class_list":["post-5760","post","type-post","status-publish","format-standard","has-post-thumbnail","hentry","category-droits-des-femmes"],"acf":[],"_links":{"self":[{"href":"https:\/\/sarahschlitz.be\/nl\/wp-json\/wp\/v2\/posts\/5760","targetHints":{"allow":["GET"]}}],"collection":[{"href":"https:\/\/sarahschlitz.be\/nl\/wp-json\/wp\/v2\/posts"}],"about":[{"href":"https:\/\/sarahschlitz.be\/nl\/wp-json\/wp\/v2\/types\/post"}],"author":[{"embeddable":true,"href":"https:\/\/sarahschlitz.be\/nl\/wp-json\/wp\/v2\/users\/1530"}],"replies":[{"embeddable":true,"href":"https:\/\/sarahschlitz.be\/nl\/wp-json\/wp\/v2\/comments?post=5760"}],"version-history":[{"count":6,"href":"https:\/\/sarahschlitz.be\/nl\/wp-json\/wp\/v2\/posts\/5760\/revisions"}],"predecessor-version":[{"id":5802,"href":"https:\/\/sarahschlitz.be\/nl\/wp-json\/wp\/v2\/posts\/5760\/revisions\/5802"}],"wp:featuredmedia":[{"embeddable":true,"href":"https:\/\/sarahschlitz.be\/nl\/wp-json\/wp\/v2\/media\/5796"}],"wp:attachment":[{"href":"https:\/\/sarahschlitz.be\/nl\/wp-json\/wp\/v2\/media?parent=5760"}],"wp:term":[{"taxonomy":"category","embeddable":true,"href":"https:\/\/sarahschlitz.be\/nl\/wp-json\/wp\/v2\/categories?post=5760"},{"taxonomy":"post_tag","embeddable":true,"href":"https:\/\/sarahschlitz.be\/nl\/wp-json\/wp\/v2\/tags?post=5760"}],"curies":[{"name":"wp","href":"https:\/\/api.w.org\/{rel}","templated":true}]}}