{"id":3334,"date":"2020-11-23T11:44:18","date_gmt":"2020-11-23T10:44:18","guid":{"rendered":"https:\/\/sarahschlitz.be\/?p=3334"},"modified":"2021-04-15T16:06:30","modified_gmt":"2021-04-15T14:06:30","slug":"plan-daction-federal-de-lutte-contre-les-violences-de-genre-et-intrafamiliales-a-la-suite-de-la-2eme-vague-covid-19","status":"publish","type":"post","link":"https:\/\/sarahschlitz.be\/nl\/plan-daction-federal-de-lutte-contre-les-violences-de-genre-et-intrafamiliales-a-la-suite-de-la-2eme-vague-covid-19\/","title":{"rendered":"Plan d&#8217;action f\u00e9d\u00e9ral de lutte contre les violences de genre et intrafamiliales \u00e0 la suite de la 2\u00e8me vague COVID-19"},"content":{"rendered":"<p>[et_pb_section fb_built=&#8221;1&#8243; admin_label=&#8221;section&#8221; _builder_version=&#8221;3.0.47&#8243;][et_pb_row admin_label=&#8221;row&#8221; _builder_version=&#8221;3.0.47&#8243; background_size=&#8221;initial&#8221; background_position=&#8221;top_left&#8221; background_repeat=&#8221;repeat&#8221;][et_pb_column type=&#8221;4_4&#8243; _builder_version=&#8221;3.0.47&#8243; parallax=&#8221;off&#8221; parallax_method=&#8221;on&#8221;][et_pb_text admin_label=&#8221;Text&#8221; _builder_version=&#8221;3.0.47&#8243; background_size=&#8221;initial&#8221; background_position=&#8221;top_left&#8221; background_repeat=&#8221;repeat&#8221;]\t\t\t\t\tLe Gouvernement f\u00e9d\u00e9ral est conscient que les mesures de lutte contre la pand\u00e9mie telles que le confinement et le couvre-feu entra\u00eenent un risque d\u2019aggravation des violences de genre, notamment au sein des foyers. Il est donc n\u00e9cessaire de prendre en urgence des mesures, et de d\u00e9gager des moyens pour lutter contre les violences de genre et intrafamiliales.<\/p>\n<p>Vous pouvez lire mon plan d&#8217;action au complet via <a href=\"https:\/\/sarahschlitz.be\/wp-content\/uploads\/sites\/300\/2020\/11\/Plan-daction-Actieplan-NL-FR.pdf\">ce lien<\/a>.[\/et_pb_text][\/et_pb_column][\/et_pb_row][et_pb_row _builder_version=&#8221;3.0.96&#8243; custom_padding=&#8221;27px|0px|0px|0px&#8221;][et_pb_column type=&#8221;4_4&#8243; _builder_version=&#8221;3.0.96&#8243; parallax=&#8221;off&#8221; parallax_method=&#8221;on&#8221;][et_pb_divider show_divider=&#8221;on&#8221; _builder_version=&#8221;3.0.96&#8243; color=&#8221;#8300e9&#8243;][\/et_pb_divider][\/et_pb_column][\/et_pb_row][et_pb_row _builder_version=&#8221;3.0.96&#8243;][et_pb_column type=&#8221;4_4&#8243; _builder_version=&#8221;3.0.96&#8243; parallax=&#8221;off&#8221; parallax_method=&#8221;on&#8221;][et_pb_text _builder_version=&#8221;3.0.96&#8243;]<\/p>\n<h3>Federaal actieplan ter bestrijding van gendergerelateerd en intrafamiliaal geweld naar aanleiding van de 2e golf COVID-19<\/h3>\n<p>&nbsp;<\/p>\n<p>De federale regering beseft dat maatregelen terbestrijding van de pandemie, zoals lockdown enavondklok, het risico in zich dragen van eentoename van gendergerelateerd geweld, metname binnen het huishouden. Daarom moeten erdringend maatregelen worden genomen enmiddelen ter beschikking worden gesteld omgendergerelateerd en intrafamiliaal geweld tebestrijden.<\/p>\n<p>Je kunt mijn actieplan volledig lezen via <a href=\"https:\/\/sarahschlitz.be\/wp-content\/uploads\/sites\/300\/2020\/11\/Plan-daction-Actieplan-NL-FR.pdf\">deze link<\/a>.<\/p>\n<p>[\/et_pb_text][\/et_pb_column][\/et_pb_row][\/et_pb_section]<\/p>\n","protected":false},"excerpt":{"rendered":"<p>Le Gouvernement f\u00e9d\u00e9ral est conscient que les mesures de lutte contre la pand\u00e9mie telles que le confinement et le couvre-feu entra\u00eenent un risque d\u2019aggravation des violences de genre, notamment au sein des foyers. Il est donc n\u00e9cessaire de prendre en urgence des mesures, et de d\u00e9gager des moyens pour lutter contre les violences de genre [&hellip;]<\/p>\n","protected":false},"author":1381,"featured_media":2760,"comment_status":"closed","ping_status":"closed","sticky":false,"template":"","format":"standard","meta":{"_acf_changed":false,"_et_pb_use_builder":"on","_et_pb_old_content":"Le Gouvernement f\u00e9d\u00e9ral est conscient que les mesures de lutte contre la pand\u00e9mie telles que le confinement et le couvre-feu entra\u00eenent un risque d\u2019aggravation des violences de genre, notamment au sein des foyers. Il est donc n\u00e9cessaire de prendre en urgence des mesures, et de d\u00e9gager des moyens pour lutter contre les violences de genre et intrafamiliales.\r\n\r\nVous pouvez lire mon plan d'action au complet via <a href=\"https:\/\/sarahschlitz.be\/wp-content\/uploads\/sites\/300\/2020\/11\/Plan-daction-Actieplan-NL-FR.pdf\">ce lien<\/a>.","_et_gb_content_width":"","footnotes":""},"categories":[4,43],"tags":[],"class_list":["post-3334","post","type-post","status-publish","format-standard","has-post-thumbnail","hentry","category-archives","category-droits-des-femmes"],"acf":[],"_links":{"self":[{"href":"https:\/\/sarahschlitz.be\/nl\/wp-json\/wp\/v2\/posts\/3334","targetHints":{"allow":["GET"]}}],"collection":[{"href":"https:\/\/sarahschlitz.be\/nl\/wp-json\/wp\/v2\/posts"}],"about":[{"href":"https:\/\/sarahschlitz.be\/nl\/wp-json\/wp\/v2\/types\/post"}],"author":[{"embeddable":true,"href":"https:\/\/sarahschlitz.be\/nl\/wp-json\/wp\/v2\/users\/1381"}],"replies":[{"embeddable":true,"href":"https:\/\/sarahschlitz.be\/nl\/wp-json\/wp\/v2\/comments?post=3334"}],"version-history":[{"count":4,"href":"https:\/\/sarahschlitz.be\/nl\/wp-json\/wp\/v2\/posts\/3334\/revisions"}],"predecessor-version":[{"id":3355,"href":"https:\/\/sarahschlitz.be\/nl\/wp-json\/wp\/v2\/posts\/3334\/revisions\/3355"}],"wp:featuredmedia":[{"embeddable":true,"href":"https:\/\/sarahschlitz.be\/nl\/wp-json\/wp\/v2\/media\/2760"}],"wp:attachment":[{"href":"https:\/\/sarahschlitz.be\/nl\/wp-json\/wp\/v2\/media?parent=3334"}],"wp:term":[{"taxonomy":"category","embeddable":true,"href":"https:\/\/sarahschlitz.be\/nl\/wp-json\/wp\/v2\/categories?post=3334"},{"taxonomy":"post_tag","embeddable":true,"href":"https:\/\/sarahschlitz.be\/nl\/wp-json\/wp\/v2\/tags?post=3334"}],"curies":[{"name":"wp","href":"https:\/\/api.w.org\/{rel}","templated":true}]}}