{"id":3198,"date":"2020-09-21T18:38:39","date_gmt":"2020-09-21T16:38:39","guid":{"rendered":"https:\/\/sarahschlitz.be\/?p=3198"},"modified":"2020-09-23T14:17:06","modified_gmt":"2020-09-23T12:17:06","slug":"question-au-ministre-bellot-sur-le-train-de-nuit-malmo-bruxelles","status":"publish","type":"post","link":"https:\/\/sarahschlitz.be\/nl\/question-au-ministre-bellot-sur-le-train-de-nuit-malmo-bruxelles\/","title":{"rendered":"Question au Ministre Bellot sur le train de nuit Malm\u00f6-Bruxelles"},"content":{"rendered":"<h4>Monsieur le Ministre,<\/h4>\n<p>Le 17 juin dernier, en r\u00e9ponse \u00e0 une de mes questions, vous m&#8217;informiez que vous aviez charg\u00e9 votre administration de participer au groupe de travail interd\u00e9partemental concernant la mise sur la rail d&#8217;un train de nuit Malm\u00f6-Bruxelles et que le SPF Mobilit\u00e9 et Transports avait particip\u00e9, avec les administrations des autres pays, aux deux r\u00e9unions du groupe de travail qui se sont tenues en f\u00e9vrier et mars.<\/p>\n<p>Les choses continuent d&#8217;avancer du c\u00f4t\u00e9 Su\u00e9dois : le Gouvernement su\u00e9dois vient de publier un avis de pr\u00e9information relatif au contrat de service public et, comme l&#8217;exige la directive UE de services publics, l&#8217;\u00e9tat su\u00e9dois a demand\u00e9 la permission au gouvernement belge pour faire arriver ce train d service public en Belgique.<\/p>\n<p>Monsieur le Ministre,<\/p>\n<p>Avez-vous re\u00e7u cette demande? Le Gouvernement y a-t-il donn\u00e9 un suite favorable?<\/p>\n<p>Votre Gouvernement pourrait aller un pas plus loin en d\u00e9clarant \u00e9galement ce train comme un train de service public sur le territoire belge, en concertation avec le gouvernement su\u00e9dois et danois. Ainsi nous aurions notre mot \u00e0 dire sur le projet.<\/p>\n<p>Enfin, Pourriez-vous m&#8217;informer des prochaines \u00e9tapes de travail auxquelles la Belgique sera associ\u00e9es?<\/p>\n<p>Je vous remercie, Monsieur le Ministre, pour vos r\u00e9ponses \u00e0 mes questions.<\/p>\n<p>&nbsp;<\/p>\n<blockquote>\n<h4>R\u00e9ponse du Ministre Bellot (Commission Mobilit\u00e9 du 22\/09\/2020) :<\/h4>\n<\/blockquote>\n<p>Ch\u00e8re coll\u00e8gue, lors de la derni\u00e8re r\u00e9union du groupe de travail du 19 mars 2020, il a \u00e9t\u00e9 convenu que la Su\u00e8de d\u00e9terminerait les prochaines \u00e9tapes de cette collaboration interd\u00e9partementale ainsi que l&#8217;agenda des prochaines r\u00e9unions. <strong>\u00c0 ce jour, les r\u00e9unions du groupe de travail pour la liaison de train de nuit entre Malm\u00f6 et Bruxelles n&#8217;ont pas encore repris et aucun calendrier n&#8217;a \u00e9t\u00e9 communiqu\u00e9<\/strong>. Des contacts sont en cours entre les administrations respectives afin de clarifier la situation. Dans le cas o\u00f9 la Su\u00e8de souhaiterait faire circuler le train de nuit d\u00e8s la fin 2022, il est n\u00e9cessaire de notifier rapidement le service de r\u00e9gulation du transport ferroviaire. En effet, il y a lieu de respecter <strong>un d\u00e9lai de 18 mois<\/strong> avant la mise en circulation d&#8217;un nouveau service ferroviaire de passagers. Ces contacts devraient \u00e9galement \u00eatre l&#8217;occasion de discuter des r\u00e9sultats des \u00e9tudes et analyses men\u00e9es par l&#8217;administration su\u00e9doise ces derniers mois. Concr\u00e8tement, <strong>il faudrait qu&#8217;en avril 2021 au plus tard ait lieu une r\u00e9servation des sillons. Ce devrait \u00eatre fait lors de la rencontre prochaine \u00e0 Leipzig.<\/strong><\/p>\n<p>&nbsp;<\/p>\n<blockquote>\n<h4>Ma r\u00e9plique :<\/h4>\n<\/blockquote>\n<p>Merci pour ces pr\u00e9cisions, monsieur le ministre. J&#8217;aurais aussi voulu savoir si le gouvernement allait d\u00e9clarer ce train de service public. Ainsi que vous l&#8217;avez pr\u00e9cis\u00e9, la directive oblige la Su\u00e8de \u00e0 introduire une demande.<strong> La Belgique pourrait \u00e9galement s&#8217;impliquer de cette mani\u00e8re dans le projet, ce qui lui conf\u00e9rerait une marge de man\u0153uvre plus importante et une meilleure vue sur le d\u00e9roulement du projet, notamment en termes de capacit\u00e9 et d&#8217;avenir de la ligne.<\/strong><\/p>\n<p>Au-del\u00e0 de cet aspect-l\u00e0, si nous ne nous dirigeons pas vers cette option, <strong>nous pourrions au moins rendre un avis favorable<\/strong> quant au passage du train sur le territoire belge. J&#8217;esp\u00e8re que cela coule de source pour vous.<\/p>\n","protected":false},"excerpt":{"rendered":"<p>Monsieur le Ministre, Le 17 juin dernier, en r\u00e9ponse \u00e0 une de mes questions, vous m&#8217;informiez que vous aviez charg\u00e9 votre administration de participer au groupe de travail interd\u00e9partemental concernant la mise sur la rail d&#8217;un train de nuit Malm\u00f6-Bruxelles et que le SPF Mobilit\u00e9 et Transports avait particip\u00e9, avec les administrations des autres pays, [&hellip;]<\/p>\n","protected":false},"author":1530,"featured_media":3199,"comment_status":"closed","ping_status":"closed","sticky":false,"template":"","format":"standard","meta":{"_acf_changed":false,"_et_pb_use_builder":"","_et_pb_old_content":"","_et_gb_content_width":"","footnotes":""},"categories":[4,32,6],"tags":[],"class_list":["post-3198","post","type-post","status-publish","format-standard","has-post-thumbnail","hentry","category-archives","category-mobilite","category-question-parlementaire"],"acf":[],"_links":{"self":[{"href":"https:\/\/sarahschlitz.be\/nl\/wp-json\/wp\/v2\/posts\/3198","targetHints":{"allow":["GET"]}}],"collection":[{"href":"https:\/\/sarahschlitz.be\/nl\/wp-json\/wp\/v2\/posts"}],"about":[{"href":"https:\/\/sarahschlitz.be\/nl\/wp-json\/wp\/v2\/types\/post"}],"author":[{"embeddable":true,"href":"https:\/\/sarahschlitz.be\/nl\/wp-json\/wp\/v2\/users\/1530"}],"replies":[{"embeddable":true,"href":"https:\/\/sarahschlitz.be\/nl\/wp-json\/wp\/v2\/comments?post=3198"}],"version-history":[{"count":3,"href":"https:\/\/sarahschlitz.be\/nl\/wp-json\/wp\/v2\/posts\/3198\/revisions"}],"predecessor-version":[{"id":3263,"href":"https:\/\/sarahschlitz.be\/nl\/wp-json\/wp\/v2\/posts\/3198\/revisions\/3263"}],"wp:featuredmedia":[{"embeddable":true,"href":"https:\/\/sarahschlitz.be\/nl\/wp-json\/wp\/v2\/media\/3199"}],"wp:attachment":[{"href":"https:\/\/sarahschlitz.be\/nl\/wp-json\/wp\/v2\/media?parent=3198"}],"wp:term":[{"taxonomy":"category","embeddable":true,"href":"https:\/\/sarahschlitz.be\/nl\/wp-json\/wp\/v2\/categories?post=3198"},{"taxonomy":"post_tag","embeddable":true,"href":"https:\/\/sarahschlitz.be\/nl\/wp-json\/wp\/v2\/tags?post=3198"}],"curies":[{"name":"wp","href":"https:\/\/api.w.org\/{rel}","templated":true}]}}