{"id":3158,"date":"2020-09-09T15:43:01","date_gmt":"2020-09-09T13:43:01","guid":{"rendered":"https:\/\/sarahschlitz.be\/?p=3158"},"modified":"2020-09-09T15:43:01","modified_gmt":"2020-09-09T13:43:01","slug":"question-au-ministre-geens-sur-les-formation-pour-les-juges-sur-les-violences-conjugales","status":"publish","type":"post","link":"https:\/\/sarahschlitz.be\/nl\/question-au-ministre-geens-sur-les-formation-pour-les-juges-sur-les-violences-conjugales\/","title":{"rendered":"Question au Ministre Geens sur les formation pour les juges sur les violences conjugales"},"content":{"rendered":"<p>Monsieur le Ministre,<\/p>\n<p>Cet \u00e9t\u00e9, en plein mois d\u2019ao\u00fbt, j\u2019ai \u00e9t\u00e9 heureuse d\u2019apprendre que le Code judiciaire avait \u00e9t\u00e9 modifi\u00e9 : des formations en mati\u00e8re de violences sexuelles et intrafamiliales vont prochainement \u00eatre obligatoires pour tou.te.s les magistrat.e.s en Belgique. En effet, un paragraphe \u00e9t\u00e9 ajout\u00e9 \u00e0 l\u2019article 78 du Code judiciaire : &#8220;<i>Dans l&#8217;ann\u00e9e de leur premi\u00e8re d\u00e9signation, les juges qui si\u00e8gent dans la chambre du conseil, les chambres du tribunal correctionnel, du tribunal de l&#8217;application des peines, du tribunal de la famille et de la jeunesse et les juges d&#8217;instruction suivent une formation approfondie en mati\u00e8re de violences sexuelles et intrafamiliales organis\u00e9e par l&#8217;Institut de formation judiciaire<\/i>\u201d. Les magistrat.e.s d\u00e9j\u00e0 nomm\u00e9.e.s ne sont pas oubli\u00e9.e.s et doivent \u00e9galement suivre une formation de base dans ces mati\u00e8res.<\/p>\n<p>Dans un contexte o\u00f9 les violences intrafamiliales et conjugales ont fortement augment\u00e9 du fait du confinement et de la r\u00e9duction des d\u00e9placements, la mise en place de cette formation, obligatoire et approfondie, est particuli\u00e8rement pertinente. J\u2019ai pu lire il s\u2019agirait d\u2019une formation pluridisciplinaire, valorisant une vision globale de la probl\u00e9matique, en lien avec les autres acteurs du monde judiciaire, la police, les m\u00e9decins, etc.<\/p>\n<p>Monsieur le Ministre,<\/p>\n<p>A quelle fr\u00e9quence les magistrat.e.s devront-ils\/elles suivre cette formation pendant leur carri\u00e8re ?<\/p>\n<p>Quel sera le programme de ces formations ? Des associations sp\u00e9cialis\u00e9es et des professionnels ont-ils \u00e9t\u00e9 consult\u00e9s?<\/p>\n<p>Qui sera charg\u00e9 de dispenser ces formations?<\/p>\n<p>Au-del\u00e0 des violences physiques, les violences \u00e9conomiques, psychologiques, morales, etc. soit une approche syst\u00e9mique des violences, sera-elle d\u00e9velopp\u00e9e, comme le pr\u00e9voit la Convention d\u2019Istanbul?<\/p>\n<p>Pr\u00e9voyez-vous de maintenir la dispense de formations sur l\u2019ali\u00e9nation parentale?<\/p>\n","protected":false},"excerpt":{"rendered":"<p>Monsieur le Ministre, Cet \u00e9t\u00e9, en plein mois d\u2019ao\u00fbt, j\u2019ai \u00e9t\u00e9 heureuse d\u2019apprendre que le Code judiciaire avait \u00e9t\u00e9 modifi\u00e9 : des formations en mati\u00e8re de violences sexuelles et intrafamiliales vont prochainement \u00eatre obligatoires pour tou.te.s les magistrat.e.s en Belgique. En effet, un paragraphe \u00e9t\u00e9 ajout\u00e9 \u00e0 l\u2019article 78 du Code judiciaire : &#8220;Dans l&#8217;ann\u00e9e [&hellip;]<\/p>\n","protected":false},"author":1530,"featured_media":3159,"comment_status":"closed","ping_status":"closed","sticky":false,"template":"","format":"standard","meta":{"_acf_changed":false,"_et_pb_use_builder":"","_et_pb_old_content":"","_et_gb_content_width":"","footnotes":""},"categories":[43,6],"tags":[],"class_list":["post-3158","post","type-post","status-publish","format-standard","has-post-thumbnail","hentry","category-droits-des-femmes","category-question-parlementaire"],"acf":[],"_links":{"self":[{"href":"https:\/\/sarahschlitz.be\/nl\/wp-json\/wp\/v2\/posts\/3158","targetHints":{"allow":["GET"]}}],"collection":[{"href":"https:\/\/sarahschlitz.be\/nl\/wp-json\/wp\/v2\/posts"}],"about":[{"href":"https:\/\/sarahschlitz.be\/nl\/wp-json\/wp\/v2\/types\/post"}],"author":[{"embeddable":true,"href":"https:\/\/sarahschlitz.be\/nl\/wp-json\/wp\/v2\/users\/1530"}],"replies":[{"embeddable":true,"href":"https:\/\/sarahschlitz.be\/nl\/wp-json\/wp\/v2\/comments?post=3158"}],"version-history":[{"count":1,"href":"https:\/\/sarahschlitz.be\/nl\/wp-json\/wp\/v2\/posts\/3158\/revisions"}],"predecessor-version":[{"id":3160,"href":"https:\/\/sarahschlitz.be\/nl\/wp-json\/wp\/v2\/posts\/3158\/revisions\/3160"}],"wp:featuredmedia":[{"embeddable":true,"href":"https:\/\/sarahschlitz.be\/nl\/wp-json\/wp\/v2\/media\/3159"}],"wp:attachment":[{"href":"https:\/\/sarahschlitz.be\/nl\/wp-json\/wp\/v2\/media?parent=3158"}],"wp:term":[{"taxonomy":"category","embeddable":true,"href":"https:\/\/sarahschlitz.be\/nl\/wp-json\/wp\/v2\/categories?post=3158"},{"taxonomy":"post_tag","embeddable":true,"href":"https:\/\/sarahschlitz.be\/nl\/wp-json\/wp\/v2\/tags?post=3158"}],"curies":[{"name":"wp","href":"https:\/\/api.w.org\/{rel}","templated":true}]}}