{"id":2965,"date":"2020-05-26T11:47:45","date_gmt":"2020-05-26T09:47:45","guid":{"rendered":"https:\/\/sarahschlitz.be\/?p=2965"},"modified":"2020-06-17T19:12:41","modified_gmt":"2020-06-17T17:12:41","slug":"question-au-ministre-bellot-sur-lachevement-dun-accord-de-cooperation-interfederal-mobilite-durable","status":"publish","type":"post","link":"https:\/\/sarahschlitz.be\/nl\/question-au-ministre-bellot-sur-lachevement-dun-accord-de-cooperation-interfederal-mobilite-durable\/","title":{"rendered":"Question au Ministre Bellot sur l&#8217;ache\u0300vement d\u2019un accord de coope\u0301ration interfe\u0301de\u0301ral mobilite\u0301 durable"},"content":{"rendered":"<h4>Monsieur le Ministre,<\/h4>\n<p>L\u2019accord de coop\u00e9ration interf\u00e9d\u00e9ral de mobilit\u00e9 durable doit \u00eatre conclu pour le 1\/1\/2021. Cet objectif est notamment inscrit dans le PNEC, cela signifie que le respect de nos engagements climatiques internationaux en d\u00e9pendent.<\/p>\n<p>Je m\u2019inqui\u00e8te de l\u2019aboutissement de ce dossier dans les temps. La crise du COVID qui a boulevers\u00e9 les agendas politiques \u00e0 tous les niveaux. C\u2019est bien entendu compr\u00e9hensible, mais ne perdons pas de vue que les cons\u00e9quences humaines et \u00e9conomiques de la crise climatique sont et seront sans commune mesure avec la crise que nous vivons aujourd\u2019hui.<\/p>\n<p>Monsieur le Ministre,<\/p>\n<ul>\n<li>Pourriez-vous m\u2019informer de l\u2019\u00e9tat d\u2019avancement de ce dossier ?<\/li>\n<li>Quel est l\u2019agenda de ces r\u00e9unions interf\u00e9d\u00e9rales ? Quand a eu lieu la derni\u00e8re ? Quand aura lieu la prochaine? Serez-vous en mesure d\u2019aboutir le 1\/1\/2021 ?<\/li>\n<li>Dans quelle mesure la crise du COVID impacte-t-elle cet accord ? Les objectifs sont-ils revus ?<\/li>\n<li>Par ailleurs, des r\u00e9unions interf\u00e9d\u00e9rales mobilit\u00e9 ont lieu dans le cadre de la gestion de la crise. Quelle position le Gouvernement F\u00e9d\u00e9ral a-t-il d\u00e9fendue ? Quand aura lieu la prochaine ? Quel sera l\u2019ordre du jour ?<\/li>\n<\/ul>\n<p>Merci, Monsieur le Ministre, pour vos r\u00e9ponses \u00e0 mes questions.<\/p>\n<p>&nbsp;<\/p>\n<blockquote>\n<h4>R\u00e9ponse du Ministre Bellot (Commission Mobilit\u00e9 du 17\/06\/2020) :<\/h4>\n<\/blockquote>\n<p>Depuis 2016, je me suis attel\u00e9 \u00e0 \u00e9laborer, de concert avec mes homologues r\u00e9gionaux, un projet de vision interf\u00e9d\u00e9rale \u00e0 l&#8217;horizon 2030.<\/p>\n<p>Ce projet n&#8217;a toutefois pas pu obtenir un consensus au sein du CEMM ; certains Ministres estimant que c&#8217;\u00e9tait soit superflu, soit que cela empi\u00e9tait sur leurs comp\u00e9tences.<\/p>\n<p>D\u00e8s l&#8217;entr\u00e9e en fonction des nouveaux gouvernements, j&#8217;ai tenu \u00e0 r\u00e9aliser un \u00e9tat des lieux des travaux r\u00e9alis\u00e9s lors d&#8217;une rencontre du CEMM le 17 d\u00e9cembre 2019 pour passer le flambeau.<\/p>\n<p>L&#8217;accent y a \u00e9t\u00e9 mis sur l&#8217;importance \u00e0 aboutir \u00e0 plus de coop\u00e9ration, en tenant compte des comp\u00e9tences respectives et des plans de mobilit\u00e9 r\u00e9gionaux.<\/p>\n<p>Les r\u00e9actions ont \u00e9t\u00e9 positives et les diff\u00e9rents gouvernements se sont \u00e9galement engag\u00e9s via le PNEC \u00e0 conclure un accord pour plus de coop\u00e9ration dans le domaine de la mobilit\u00e9 durable.<\/p>\n<p>Je suis toujours disponible pour dialoguer avec mes homologues r\u00e9gionaux. J&#8217;estime n\u00e9anmoins que dans un Etat f\u00e9d\u00e9ral mature, ce n&#8217;est pas \u00e0 un Ministre d&#8217;un gouvernement en affaires courantes de prendre l&#8217;initiative.<\/p>\n<p>Ces derni\u00e8res semaines, tous nos moyens ont \u00e9t\u00e9 centr\u00e9s sur la gestion de la crise sanitaire &#8230; Ajouter les dates des r\u00e9unions corona (au moins au niveau administratif).<\/p>\n<p>J&#8217;esp\u00e8re que le prochain gouvernement f\u00e9d\u00e9ral continuera \u00e0 prendre \u00e0 coeur mon engagement vis-\u00e0-vis de la vision interf\u00e9d\u00e9rale.<\/p>\n<p>Dans le cadre de la gestion de la crise COVID, le SPF a travaill\u00e9 en collaboration \u00e9troite tant avec les stakeholders qu&#8217;avec les R\u00e9gions.<\/p>\n<p>Ansi depuis la mise en place d&#8217;une phase f\u00e9d\u00e9rale (mars 2020), les int\u00e9r\u00eats de la mobilit\u00e9 sont repr\u00e9sent\u00e9s tant par l&#8217;administration que par le politique au sein de la cellule de coordination f\u00e9d\u00e9rale de la crise (COFECO) qui rapporte au CNS, au niveau des FAQ ainsi que des cellules de communication.<\/p>\n<p>Cette place nous permet d&#8217;avoir une collaboration directe avec les R\u00e9gions via leurs repr\u00e9sentants.<\/p>\n<p>Dans le cadre de la coordination et de la rencontre des questions des stakeholders des r\u00e9unions d&#8217;informations ont \u00e9t\u00e9 r\u00e9alis\u00e9es avec les parties prenantes demandeuses et en pr\u00e9sence des repr\u00e9sentants de la sant\u00e9 publique ainsi que des R\u00e9gions afin de r\u00e9pondre au mieux aux questions des diff\u00e9rents modes de transport.<\/p>\n<p>Ainsi, une premi\u00e8re r\u00e9union s&#8217;est tenue en pr\u00e9sentiel le 4 mars 2020 en pr\u00e9sence, entre autres, des repr\u00e9sentants des cabinets mobilit\u00e9 des R\u00e9gions, les repr\u00e9sentants des diff\u00e9rents modes de transports en commun, les f\u00e9d\u00e9rations de transports, les ports, les a\u00e9roports, Skeyes.<\/p>\n<p>De m\u00eame, ce type de r\u00e9union s&#8217;est r\u00e9p\u00e9t\u00e9 de mani\u00e8re virtuelle les 18\/03 et 17\/04 sur base de r\u00e9union par mode de transports.<\/p>\n<p>A l&#8217;heure actuelle, il n&#8217;est pas fix\u00e9 de nouvelle r\u00e9union de ce type.<\/p>\n","protected":false},"excerpt":{"rendered":"<p>Monsieur le Ministre, L\u2019accord de coop\u00e9ration interf\u00e9d\u00e9ral de mobilit\u00e9 durable doit \u00eatre conclu pour le 1\/1\/2021. Cet objectif est notamment inscrit dans le PNEC, cela signifie que le respect de nos engagements climatiques internationaux en d\u00e9pendent. Je m\u2019inqui\u00e8te de l\u2019aboutissement de ce dossier dans les temps. La crise du COVID qui a boulevers\u00e9 les agendas [&hellip;]<\/p>\n","protected":false},"author":1530,"featured_media":2967,"comment_status":"closed","ping_status":"closed","sticky":false,"template":"","format":"standard","meta":{"_acf_changed":false,"_et_pb_use_builder":"","_et_pb_old_content":"","_et_gb_content_width":"","footnotes":""},"categories":[4,32,6],"tags":[],"class_list":["post-2965","post","type-post","status-publish","format-standard","has-post-thumbnail","hentry","category-archives","category-mobilite","category-question-parlementaire"],"acf":[],"_links":{"self":[{"href":"https:\/\/sarahschlitz.be\/nl\/wp-json\/wp\/v2\/posts\/2965","targetHints":{"allow":["GET"]}}],"collection":[{"href":"https:\/\/sarahschlitz.be\/nl\/wp-json\/wp\/v2\/posts"}],"about":[{"href":"https:\/\/sarahschlitz.be\/nl\/wp-json\/wp\/v2\/types\/post"}],"author":[{"embeddable":true,"href":"https:\/\/sarahschlitz.be\/nl\/wp-json\/wp\/v2\/users\/1530"}],"replies":[{"embeddable":true,"href":"https:\/\/sarahschlitz.be\/nl\/wp-json\/wp\/v2\/comments?post=2965"}],"version-history":[{"count":3,"href":"https:\/\/sarahschlitz.be\/nl\/wp-json\/wp\/v2\/posts\/2965\/revisions"}],"predecessor-version":[{"id":3074,"href":"https:\/\/sarahschlitz.be\/nl\/wp-json\/wp\/v2\/posts\/2965\/revisions\/3074"}],"wp:featuredmedia":[{"embeddable":true,"href":"https:\/\/sarahschlitz.be\/nl\/wp-json\/wp\/v2\/media\/2967"}],"wp:attachment":[{"href":"https:\/\/sarahschlitz.be\/nl\/wp-json\/wp\/v2\/media?parent=2965"}],"wp:term":[{"taxonomy":"category","embeddable":true,"href":"https:\/\/sarahschlitz.be\/nl\/wp-json\/wp\/v2\/categories?post=2965"},{"taxonomy":"post_tag","embeddable":true,"href":"https:\/\/sarahschlitz.be\/nl\/wp-json\/wp\/v2\/tags?post=2965"}],"curies":[{"name":"wp","href":"https:\/\/api.w.org\/{rel}","templated":true}]}}