{"id":2927,"date":"2020-05-13T16:09:23","date_gmt":"2020-05-13T14:09:23","guid":{"rendered":"https:\/\/sarahschlitz.be\/?p=2927"},"modified":"2020-05-18T17:49:55","modified_gmt":"2020-05-18T15:49:55","slug":"question-au-ministre-bellot-sur-le-prix-des-masques-aux-distributeurs-des-gares","status":"publish","type":"post","link":"https:\/\/sarahschlitz.be\/nl\/question-au-ministre-bellot-sur-le-prix-des-masques-aux-distributeurs-des-gares\/","title":{"rendered":"Question au Ministre Bellot sur le prix des masques aux distributeurs des gares"},"content":{"rendered":"<h4>Monsieur le Ministre,<\/h4>\n<p>Les masques dans les distributeurs des gares SNCB sont vendus au prix de 15 euros pi\u00e8ce.<\/p>\n<p>Ce prix, extr\u00eamement \u00e9lev\u00e9, va \u00e0 l\u2019encontre de l\u2019objectif de permettre \u00e0 tous les voyageurs de se procurer un masque avant de monter dans le train.<\/p>\n<p>Monsieur le Ministre,<\/p>\n<p>Pourquoi ce prix si \u00e9lev\u00e9 ? La SNCB r\u00e9alise-t-elle des b\u00e9n\u00e9fices sur ces ventes?<\/p>\n<p>Envisagez-vous de prendre contact avec la SNCB pour l&#8217;enjoindre \u00e0 pratiquer des tarifs abordables?<\/p>\n<p>Je vous remercie, Monsieur le Ministre, pour vos r\u00e9ponse \u00e0 mes questions.<\/p>\n<p>&nbsp;<\/p>\n<blockquote>\n<h4>R\u00e9ponse :<\/h4>\n<\/blockquote>\n<p>Le prix des masques en vente dans les automates en gares, sont les prix fix\u00e9s par les concessionnaires. Les automates proposent du gel et trois types de masques :<span id=\"icon-talk-26333\" class=\"gd-comment-icon\" data-content-id=\"413697191\"> <\/span><br \/>\n\u2022 1\u20ac \u00e0 1,40\u20ac par masque jetable<br \/>\n\u2022 9\u20ac pour 2 pi\u00e8ces \u2013 masque en tissus r\u00e9utilisables et lavables<br \/>\n\u2022 15\u20ac pi\u00e8ce \u2013 masque en tissu qualit\u00e9 pr\u00e9mium, masque lavable 500x fois (prix en ligne avec ce qui se pratique en pharmacie)<\/p>\n<p>Les clients ont donc le choix du produit et du prix \u00e9quivalent.<\/p>\n","protected":false},"excerpt":{"rendered":"<p>Monsieur le Ministre, Les masques dans les distributeurs des gares SNCB sont vendus au prix de 15 euros pi\u00e8ce. Ce prix, extr\u00eamement \u00e9lev\u00e9, va \u00e0 l\u2019encontre de l\u2019objectif de permettre \u00e0 tous les voyageurs de se procurer un masque avant de monter dans le train. Monsieur le Ministre, Pourquoi ce prix si \u00e9lev\u00e9 ? La [&hellip;]<\/p>\n","protected":false},"author":1530,"featured_media":2928,"comment_status":"closed","ping_status":"closed","sticky":false,"template":"","format":"standard","meta":{"_acf_changed":false,"_et_pb_use_builder":"","_et_pb_old_content":"","_et_gb_content_width":"","footnotes":""},"categories":[32,6],"tags":[],"class_list":["post-2927","post","type-post","status-publish","format-standard","has-post-thumbnail","hentry","category-mobilite","category-question-parlementaire"],"acf":[],"_links":{"self":[{"href":"https:\/\/sarahschlitz.be\/nl\/wp-json\/wp\/v2\/posts\/2927","targetHints":{"allow":["GET"]}}],"collection":[{"href":"https:\/\/sarahschlitz.be\/nl\/wp-json\/wp\/v2\/posts"}],"about":[{"href":"https:\/\/sarahschlitz.be\/nl\/wp-json\/wp\/v2\/types\/post"}],"author":[{"embeddable":true,"href":"https:\/\/sarahschlitz.be\/nl\/wp-json\/wp\/v2\/users\/1530"}],"replies":[{"embeddable":true,"href":"https:\/\/sarahschlitz.be\/nl\/wp-json\/wp\/v2\/comments?post=2927"}],"version-history":[{"count":1,"href":"https:\/\/sarahschlitz.be\/nl\/wp-json\/wp\/v2\/posts\/2927\/revisions"}],"predecessor-version":[{"id":2929,"href":"https:\/\/sarahschlitz.be\/nl\/wp-json\/wp\/v2\/posts\/2927\/revisions\/2929"}],"wp:featuredmedia":[{"embeddable":true,"href":"https:\/\/sarahschlitz.be\/nl\/wp-json\/wp\/v2\/media\/2928"}],"wp:attachment":[{"href":"https:\/\/sarahschlitz.be\/nl\/wp-json\/wp\/v2\/media?parent=2927"}],"wp:term":[{"taxonomy":"category","embeddable":true,"href":"https:\/\/sarahschlitz.be\/nl\/wp-json\/wp\/v2\/categories?post=2927"},{"taxonomy":"post_tag","embeddable":true,"href":"https:\/\/sarahschlitz.be\/nl\/wp-json\/wp\/v2\/tags?post=2927"}],"curies":[{"name":"wp","href":"https:\/\/api.w.org\/{rel}","templated":true}]}}