{"id":2906,"date":"2020-05-07T15:41:28","date_gmt":"2020-05-07T13:41:28","guid":{"rendered":"https:\/\/sarahschlitz.be\/?p=2906"},"modified":"2020-05-18T18:38:02","modified_gmt":"2020-05-18T16:38:02","slug":"question-au-ministre-bellot-sur-laide-aux-locataires-des-espaces-commerciaux-mis-en-location-par-la-sncb","status":"publish","type":"post","link":"https:\/\/sarahschlitz.be\/nl\/question-au-ministre-bellot-sur-laide-aux-locataires-des-espaces-commerciaux-mis-en-location-par-la-sncb\/","title":{"rendered":"Question au Ministre Bellot sur l&#8217;aide aux locataires des espaces commerciaux mis en location par la SNCB"},"content":{"rendered":"<h4>Monsieur le Ministre,<\/h4>\n<p>La SNCB met en location de nombreux rez-de-chauss\u00e9e commerciaux dans ses gares.<\/p>\n<p>Ces commer\u00e7ants sont, eux aussi, durement touch\u00e9s par la crise.<\/p>\n<p>Monsieur le Ministre,<\/p>\n<ul>\n<li>Pourriez-vous nous rappeler combien de rez-de-chauss\u00e9e commerciaux la SNCB met en location?<\/li>\n<li>La SNCB a-t-elle un <em>modus operandi<\/em> pour all\u00e9ger les charges et soutenir ces locataires ? Et vis-\u00e0-vis des locataires d\u2019autres biens appartement \u00e0 la SNCB ?<\/li>\n<\/ul>\n<p>Je vous remercie, Monsieur le Ministre, pour vos r\u00e9ponses \u00e0 mes questions.<\/p>\n<p>&nbsp;<\/p>\n<blockquote>\n<h4>R\u00e9ponse :<\/h4>\n<\/blockquote>\n<p>La SNCB a un total de 413 contrats de concession commerciale.<\/p>\n<p>La SNCB est consciente des difficult\u00e9s rencontr\u00e9es par les concessionnaires dans et autour des gares. Dans la mesure du possible, la SNCB s&#8217;efforce de soutenir les concessionnaires en ces temps difficiles. C&#8217;est pourquoi la SNCB a d\u00e9cid\u00e9 de suspendre la facturation des acomptes pour la consommation d&#8217;\u00e9nergie (eau, \u00e9lectricit\u00e9, etc.). La facture finale sera factur\u00e9e \u00e0 l&#8217;heure pr\u00e9vue.<br \/>\nLa SNCB a \u00e9galement d\u00e9cid\u00e9 de ne pas facturer d&#8217;int\u00e9r\u00eats de retard et de frais administratifs sur les factures \u00e9chues.<\/p>\n<p>&nbsp;<\/p>\n","protected":false},"excerpt":{"rendered":"<p>Monsieur le Ministre, La SNCB met en location de nombreux rez-de-chauss\u00e9e commerciaux dans ses gares. Ces commer\u00e7ants sont, eux aussi, durement touch\u00e9s par la crise. Monsieur le Ministre, Pourriez-vous nous rappeler combien de rez-de-chauss\u00e9e commerciaux la SNCB met en location? La SNCB a-t-elle un modus operandi pour all\u00e9ger les charges et soutenir ces locataires ? [&hellip;]<\/p>\n","protected":false},"author":1530,"featured_media":2907,"comment_status":"closed","ping_status":"closed","sticky":false,"template":"","format":"standard","meta":{"_acf_changed":false,"_et_pb_use_builder":"","_et_pb_old_content":"","_et_gb_content_width":"","footnotes":""},"categories":[4,32,6],"tags":[],"class_list":["post-2906","post","type-post","status-publish","format-standard","has-post-thumbnail","hentry","category-archives","category-mobilite","category-question-parlementaire"],"acf":[],"_links":{"self":[{"href":"https:\/\/sarahschlitz.be\/nl\/wp-json\/wp\/v2\/posts\/2906","targetHints":{"allow":["GET"]}}],"collection":[{"href":"https:\/\/sarahschlitz.be\/nl\/wp-json\/wp\/v2\/posts"}],"about":[{"href":"https:\/\/sarahschlitz.be\/nl\/wp-json\/wp\/v2\/types\/post"}],"author":[{"embeddable":true,"href":"https:\/\/sarahschlitz.be\/nl\/wp-json\/wp\/v2\/users\/1530"}],"replies":[{"embeddable":true,"href":"https:\/\/sarahschlitz.be\/nl\/wp-json\/wp\/v2\/comments?post=2906"}],"version-history":[{"count":3,"href":"https:\/\/sarahschlitz.be\/nl\/wp-json\/wp\/v2\/posts\/2906\/revisions"}],"predecessor-version":[{"id":2941,"href":"https:\/\/sarahschlitz.be\/nl\/wp-json\/wp\/v2\/posts\/2906\/revisions\/2941"}],"wp:featuredmedia":[{"embeddable":true,"href":"https:\/\/sarahschlitz.be\/nl\/wp-json\/wp\/v2\/media\/2907"}],"wp:attachment":[{"href":"https:\/\/sarahschlitz.be\/nl\/wp-json\/wp\/v2\/media?parent=2906"}],"wp:term":[{"taxonomy":"category","embeddable":true,"href":"https:\/\/sarahschlitz.be\/nl\/wp-json\/wp\/v2\/categories?post=2906"},{"taxonomy":"post_tag","embeddable":true,"href":"https:\/\/sarahschlitz.be\/nl\/wp-json\/wp\/v2\/tags?post=2906"}],"curies":[{"name":"wp","href":"https:\/\/api.w.org\/{rel}","templated":true}]}}