{"id":2848,"date":"2020-04-30T11:48:27","date_gmt":"2020-04-30T09:48:27","guid":{"rendered":"https:\/\/sarahschlitz.be\/?p=2848"},"modified":"2020-05-05T12:19:17","modified_gmt":"2020-05-05T10:19:17","slug":"question-a-la-ministre-marghem-sur-un-climate-mainstreaming-du-deconfinement-de-la-belgique","status":"publish","type":"post","link":"https:\/\/sarahschlitz.be\/nl\/question-a-la-ministre-marghem-sur-un-climate-mainstreaming-du-deconfinement-de-la-belgique\/","title":{"rendered":"Question \u00e0 la Ministre Marghem sur un climate mainstreaming du d\u00e9confinement de la Belgique"},"content":{"rendered":"<p>Madame la Ministre,<\/p>\n<p>En commission Climat du mercredi 29 avril, j\u2019ai appr\u00e9ci\u00e9 vos propos ambitieux sur l\u2019importance du respect de nos engagements climatiques dans la strat\u00e9gie de red\u00e9ploiement de l\u2019\u00e9conomie.<\/p>\n<p>Vous avez expliqu\u00e9 que la Belgique d\u00e9fend le principe de climate mainstreaming sur le plan Europ\u00e9en.<\/p>\n<p>Sur le plan national aussi un <b>climate mainstreaming <\/b>serait bien n\u00e9cessaire. La question climatique est plus que jamais transversale. Nous nous trouvons \u00e0 la crois\u00e9e des chemins. Dans toutes les mati\u00e8res, dans toutes les d\u00e9cisions que nous prendrons dans le cadre du retour \u00e0 la \u201cnormale\u201d de la soci\u00e9t\u00e9, il s\u2019agira d\u2019emprunter le bon.<\/p>\n<p>En <b>\u00e9conomie<\/b>, le soutien financier aux entreprises doit servir d\u2019abord \u00e0 prot\u00e9ger leurs employ\u00e9s, et non \u00e0 distribuer des b\u00e9n\u00e9fices aux actionnaires. Les entreprises polluantes, si elles veulent \u00eatre aid\u00e9es, devront s\u2019engager \u00e0 atteindre des objectifs climatiques ambitieux au moyen de plans concrets.<\/p>\n<p>En <b>finance<\/b>, nous aurons besoin de moyens pour relancer une soci\u00e9t\u00e9 durable, r\u00e9mun\u00e9rer correctement les professions qui le m\u00e9ritent et aider ceux qui en ont besoin. Une fiscalit\u00e9 juste et durable devra enfin voir le jour.<\/p>\n<p>En <b>\u00e9nergie<\/b>, nous devons investir dans une transition \u00e9nerg\u00e9tique sociale, qui ne laisse personne au bord du chemin et cr\u00e9atrice d\u2019emplois locaux de qualit\u00e9. J\u2019ai entendu votre engagement en faveur de plan de r\u00e9novations \u00e0 grande \u00e9chelle qui me r\u00e9jouit.<\/p>\n<p>En <b>alimentation et agriculture,<\/b> nous devrons relocaliser notre production, rendre les aliments sains, locaux et \u00e9cologiques abordables financi\u00e8rement pour tous. Mais aussi soutenir et encourager les producteurs locaux.<\/p>\n<p>En <b>mobilit\u00e9<\/b>, il faudra par tous les moyens \u00e9viter un retour en force du tout \u00e0 la voiture.<\/p>\n<p>Madame la Ministre, le travail est colossal.<\/p>\n<p>Quelle collaboration entretenez-vous avec vos coll\u00e8gues du Gouvernement afin de vous assurer de la durabilit\u00e9 des mesures mises en places ?<\/p>\n<p>Effectuez-vous un monitoring de la situation ?<\/p>\n<p>Et vis-\u00e0-vis des entit\u00e9s f\u00e9d\u00e9r\u00e9es? Le f\u00e9d\u00e9ral pourrait-il assurer le lead pour placer le climat au coeur de leurs mesures \u00e9galement ?<\/p>\n<p>Je vous remercie, Madame la Ministre, pour vos r\u00e9ponses \u00e0 mes questions.<\/p>\n","protected":false},"excerpt":{"rendered":"<p>Madame la Ministre, En commission Climat du mercredi 29 avril, j\u2019ai appr\u00e9ci\u00e9 vos propos ambitieux sur l\u2019importance du respect de nos engagements climatiques dans la strat\u00e9gie de red\u00e9ploiement de l\u2019\u00e9conomie. Vous avez expliqu\u00e9 que la Belgique d\u00e9fend le principe de climate mainstreaming sur le plan Europ\u00e9en. Sur le plan national aussi un climate mainstreaming serait [&hellip;]<\/p>\n","protected":false},"author":1530,"featured_media":2849,"comment_status":"closed","ping_status":"closed","sticky":false,"template":"","format":"standard","meta":{"_acf_changed":false,"_et_pb_use_builder":"","_et_pb_old_content":"","_et_gb_content_width":"","footnotes":""},"categories":[4,40],"tags":[],"class_list":["post-2848","post","type-post","status-publish","format-standard","has-post-thumbnail","hentry","category-archives","category-climat"],"acf":[],"_links":{"self":[{"href":"https:\/\/sarahschlitz.be\/nl\/wp-json\/wp\/v2\/posts\/2848","targetHints":{"allow":["GET"]}}],"collection":[{"href":"https:\/\/sarahschlitz.be\/nl\/wp-json\/wp\/v2\/posts"}],"about":[{"href":"https:\/\/sarahschlitz.be\/nl\/wp-json\/wp\/v2\/types\/post"}],"author":[{"embeddable":true,"href":"https:\/\/sarahschlitz.be\/nl\/wp-json\/wp\/v2\/users\/1530"}],"replies":[{"embeddable":true,"href":"https:\/\/sarahschlitz.be\/nl\/wp-json\/wp\/v2\/comments?post=2848"}],"version-history":[{"count":1,"href":"https:\/\/sarahschlitz.be\/nl\/wp-json\/wp\/v2\/posts\/2848\/revisions"}],"predecessor-version":[{"id":2850,"href":"https:\/\/sarahschlitz.be\/nl\/wp-json\/wp\/v2\/posts\/2848\/revisions\/2850"}],"wp:featuredmedia":[{"embeddable":true,"href":"https:\/\/sarahschlitz.be\/nl\/wp-json\/wp\/v2\/media\/2849"}],"wp:attachment":[{"href":"https:\/\/sarahschlitz.be\/nl\/wp-json\/wp\/v2\/media?parent=2848"}],"wp:term":[{"taxonomy":"category","embeddable":true,"href":"https:\/\/sarahschlitz.be\/nl\/wp-json\/wp\/v2\/categories?post=2848"},{"taxonomy":"post_tag","embeddable":true,"href":"https:\/\/sarahschlitz.be\/nl\/wp-json\/wp\/v2\/tags?post=2848"}],"curies":[{"name":"wp","href":"https:\/\/api.w.org\/{rel}","templated":true}]}}