{"id":2759,"date":"2020-04-21T13:52:34","date_gmt":"2020-04-21T11:52:34","guid":{"rendered":"https:\/\/sarahschlitz.be\/?p=2759"},"modified":"2020-04-22T14:14:19","modified_gmt":"2020-04-22T12:14:19","slug":"reponses-des-ministres-de-block-et-de-backer-a-mes-questions-sur-lacces-a-la-contraception-et-a-livg-sur-lexposition-des-femmes-enceintes-et-sur-la-situation-des-sages-femmes-pendant-la-crise-d","status":"publish","type":"post","link":"https:\/\/sarahschlitz.be\/nl\/reponses-des-ministres-de-block-et-de-backer-a-mes-questions-sur-lacces-a-la-contraception-et-a-livg-sur-lexposition-des-femmes-enceintes-et-sur-la-situation-des-sages-femmes-pendant-la-crise-d\/","title":{"rendered":"R\u00e9ponses des Ministres De Block et De Backer \u00e0 mes questions sur l&#8217;acc\u00e8s \u00e0 la contraception et \u00e0 l&#8217;IVG, sur l&#8217;exposition des femmes enceintes et sur la situation des sages-femmes pendant la crise du coronavirus"},"content":{"rendered":"<h2>COMMISSION SANT\u00c9 DU 21\/04\/2020<\/h2>\n<p>&nbsp;<\/p>\n<h3>MES QUESTIONS \/ LEURS R\u00c9PONSES :<\/h3>\n<p>&nbsp;<\/p>\n<h4><strong>1.Permettre l\u2019examen clinique qui pr\u00e9c\u00e8de la d\u00e9livrance d\u2019une premi\u00e8re contraception par t\u00e9l\u00e9m\u00e9decine<\/strong><\/h4>\n<p>Les centres de plannings familiaux voient leur public consid\u00e9rablement diminuer et craignent un pic de situations probl\u00e9matiques lors du d\u00e9confinement. Ils demandent de pouvoir r\u00e9aliser la premi\u00e8re consultation pour une contraception par t\u00e9l\u00e9m\u00e9decine.<\/p>\n<p>Madame la Ministre, \u00eates-vous dispos\u00e9e \u00e0 acc\u00e9der \u00e0 cette demande\u00a0?<\/p>\n<p><b>PAS DE R\u00c9PONSE\u00a0<\/b><\/p>\n<p>&nbsp;<\/p>\n<h4><strong>2. Femmes enceintes dans des m\u00e9tiers de premi\u00e8re ligne<\/strong><\/h4>\n<p>En commission sant\u00e9 du vendredi 17\/04, vous expliquiez au Parlement qu\u2019aucune r\u00e9quisition de personnel soignant n\u2019\u00e9tait \u00e0 l\u2019ordre du jour.<\/p>\n<p>Pourtant, des femmes enceintes continuent de travailler dans des m\u00e9tiers de premi\u00e8re ligne alors qu&#8217;elles seraient \u00e9cart\u00e9es en temps normal (infirmi\u00e8res, m\u00e9decin stagiaire, \u2026). D\u2019autres femmes enceintes travaillent dans des m\u00e9tiers tr\u00e8s expos\u00e9s comme celui de caissi\u00e8re.<\/p>\n<p>Dans le monde, deux b\u00e9b\u00e9s ont \u00e9t\u00e9 contamin\u00e9s par le placenta de la m\u00e8re. D\u2019une part, le principe de pr\u00e9caution est de mise quant \u00e0 l\u2019impact du COVID sur l\u2019embryon, d\u2019autre part, tomber malade, du Covid-19 ou d&#8217;une autre maladie, ou s&#8217;\u00e9puiser est d\u00e9conseill\u00e9 pendant la grossesse.<\/p>\n<p>Madame La Ministre,<\/p>\n<ul>\n<li>Peut-on faire respecter les \u00e9cartements pour grossesse et \u00e9tendre cette r\u00e8gle aux autres m\u00e9tiers de premi\u00e8re ligne\u00a0?<\/li>\n<li>Pourriez-vous faire savoir aux m\u00e9decins g\u00e9n\u00e9ralistes et gyn\u00e9cologues que la r\u00e8gles continue d\u2019\u00eatre de mise ?<\/li>\n<\/ul>\n<p><b>PAS DE R\u00c9PONSE\u00a0<\/b><\/p>\n<p>&nbsp;<\/p>\n<h4><strong>3. Protection et directives pour les sages-femmes lib\u00e9rales<\/strong><\/h4>\n<p>Il me revient que les sages-femmes lib\u00e9rales sont particuli\u00e8rement d\u00e9munies, elles n&#8217;ont pas re\u00e7u de directives sur le suivi de grossesse et de retour \u00e0 la maison et elles ont uniquement re\u00e7u des masques chirurgicaux (pas de blouse, pas de gants&#8230;). Or, elles continuent de se rendre \u00e0 domicile.<\/p>\n<p>Madame La Ministre,<\/p>\n<ul>\n<li>Pourriez-vous enfin donner \u00e0 ce secteur des directives claires\u00a0?<\/li>\n<li>Pourraient-elles \u00eatre prioritaires pour recevoir du mat\u00e9riel de protection ad\u00e9quat\u00a0?<\/li>\n<\/ul>\n<p><strong>R\u00e9ponse de la Ministre Maggie De Block :<\/strong><\/p>\n<p>Madame Schlitz, j&#8217;en viens aux femmes enceintes. Une liste du SPF Sant\u00e9 publique comprenant les sages-femmes actives \u00e0 domicile sur la base d&#8217;un couplage de donn\u00e9es entre le cadastre des professionnels de la sant\u00e9 en droit de prester et les donn\u00e9es de l&#8217;INAMI existe. Il s&#8217;agissait du deuxi\u00e8me groupe professionnel concern\u00e9 par cette distribution. Les sages-femmes ont re\u00e7u environ 3,5 millions de masques, apr\u00e8s les infirmi\u00e8res \u00e0 domicile. <b>Je pense qu&#8217;il n&#8217;y a pas de probl\u00e8me pour ce groupe \u00e0 recevoir une protection, qui s&#8217;av\u00e8re indispensable \u00e0 leur travail.<\/b><\/p>\n<p><b>EN CONTRADICTION AVEC LES RETOURS DE TERRAIN\u00a0<\/b><\/p>\n<p>&nbsp;<\/p>\n<h4>4. Covid19 : risque de rupture de stock de contraceptifs, m\u00e9dicaments et de mat\u00e9riel de r\u00e9duction des risques<\/h4>\n<p>Les acteurs de la sant\u00e9 qui \u0153uvrent pour la sant\u00e9 sexuelle et reproductive et la r\u00e9duction des risques sont inquiets. Ils craignent une p\u00e9nurie de mat\u00e9riel li\u00e9 leur activit\u00e9.<\/p>\n<p>En raison du contexte international, les contraceptifs, pr\u00e9servatifs, m\u00e9dicaments abortifs, traitements pr\u00e9 et post exposition a\u0300 diff\u00e9rents virus dont le VIH, mat\u00e9riel de r\u00e9duction des risques ou d\u2019injection&#8230; pourraient venir a\u0300 manquer dans les prochaines semaines.<\/p>\n<p>Je vous laisse imaginer la bombe \u00e0 retardement sanitaire qu\u2019une telle p\u00e9nurie constituerait\u00a0!<\/p>\n<p>Pourriez-vous rassurer ces acteurs en :<\/p>\n<ul>\n<li>Etablissant un inventaire des r\u00e9serves dont nous disposons\u00a0?<\/li>\n<li>Constituant le plus rapidement possible un stock strat\u00e9gique pour les 6 prochains mois, en bonne intelligence avec les entite\u0301s fe\u0301de\u0301re\u0301es?<\/li>\n<\/ul>\n<p><b>PAS DE R\u00c9PONSE, ni de la Ministre De Block, ni du Ministre De Backer.\u00a0<\/b><\/p>\n<p>&nbsp;<\/p>\n<h4>5. Garantir un acc\u00e8s maximal \u00e0 la contraception<\/h4>\n<p>La semaine derni\u00e8re, vous nous disiez que les femmes peuvent se procurer une contraception classique et\/ou d\u2019urgence en pharmacie sur base du seul code RID de la prescription qui peut leur \u00eatre communiqu\u00e9 par e-mail ou t\u00e9l\u00e9phone par les m\u00e9decins.<\/p>\n<p>N\u00e9anmoins, cette solution \u2013 tout comme celle de la prescription \u00e9lectronique \u2013 ne r\u00e9pond pas \u00e0 de nombreuses situations de femmes\/jeunes filles :<\/p>\n<p>&#8211;\u00a0 \u00a0 \u00a0 \u00a0 \u00a0 Celles confin\u00e9es avec leur conjoint violent ou leurs parents et n\u2019ayant pas la libert\u00e9 de t\u00e9l\u00e9phoner \u00e0 son m\u00e9decin traitant en toute s\u00e9curit\u00e9 et\/ou confidentialit\u00e9 ;<\/p>\n<p>&#8211;\u00a0 \u00a0 \u00a0 \u00a0 \u00a0 Fracture num\u00e9rique : des femmes n\u2019ont pas acc\u00e8s \u00e0 Internet ou \u00e0 un t\u00e9l\u00e9phone<\/p>\n<p>&#8211;\u00a0 \u00a0 \u00a0 \u00a0 \u00a0 Situation de pr\u00e9carit\u00e9.<\/p>\n<p>Autant de situations o\u00f9 la d\u00e9marche interm\u00e9diaire de devoir contacter un m\u00e9decin constitue un frein important \u00e0 l\u2019acc\u00e8s \u00e0 la contraception\/contraception d\u2019urgence en cette p\u00e9riode o\u00f9 les m\u00e9decins sont peu disponibles et o\u00f9 le temps presse\u2026<\/p>\n<p>Je vous r\u00e9it\u00e8re donc ma demande : suspendre l\u2019obligation de d\u00e9tenir une ordonnance pour prolonger un moyen contraceptif durant la crise.<\/p>\n<p><strong>R\u00e9ponse la Ministre Maggie De Block :<\/strong><\/p>\n<p>Pour la contraception, j&#8217;ai d\u00e9j\u00e0 dit qu&#8217;il y avait diff\u00e9rentes fa\u00e7ons de proc\u00e9der. Une prescription du m\u00e9decin peut \u00eatre envoy\u00e9e directement au pharmacien pour une prolongation, \u00e9ventuellement apr\u00e8s une consultation t\u00e9l\u00e9phonique, ou un code RID peut \u00eatre utilis\u00e9 pour obtenir la pilule.<\/p>\n<p><b>NE R\u00c9POND PAS SUR LA FRACTURE NUM\u00c9RIQUE, ET NE DIT RIEN SUR LA POSSIBILIT\u00c9 D\u2019UN OCTROI DE LA CONTRACEPTION SANS ORDONNANCE.\u00a0<\/b><\/p>\n<p>&nbsp;<\/p>\n<h4>6. Question pos\u00e9e le 17\/04 sur l\u2019acc\u00e8s \u00e0 l\u2019IVG :<\/h4>\n<p>Madame la Ministre,<\/p>\n<ul>\n<li>Dans quelle proportion les h\u00f4pitaux continuent-ils de prendre en charge les IVG ?<\/li>\n<li>Quelles mesures sont mises en place pour continuer d\u2019assurer l\u2019acc\u00e8s \u00e0 l\u2019avortement dans notre pays sur la dur\u00e9e ?<\/li>\n<\/ul>\n<p><strong>R\u00e9ponse De Block le 21\/04 :<\/strong><\/p>\n<p>Madame Schlitz, vous avez demand\u00e9 les chiffres sur le nombre d&#8217;interruptions de grossesse. Ce n&#8217;est pas possible pour le moment parce qu&#8217;il n&#8217;y a pas encore de num\u00e9ro de nomenclature attribu\u00e9. Pour cela, il faut v\u00e9rifier les factures des h\u00f4pitaux. Il nous faudra alors du temps avant de pouvoir acc\u00e9der \u00e0 ces donn\u00e9es. On pourrait le faire apr\u00e8s, mais pas maintenant en m\u00eame temps que la crise.<\/p>\n<p><b>DONC AUCUN CHIFFRE SUR L\u2019IVG PENDANT LE CONFINEMENT \u2026\u00a0<\/b><\/p>\n<p>&nbsp;<\/p>\n<h3>MES R\u00c9PLIQUES :<\/h3>\n<p><b>Sarah Schlitz<\/b> (Ecolo-Groen):<\/p>\n<p>Madame la ministre, Monsieur le ministre, je n&#8217;ai pas obtenu de r\u00e9ponse sur la possibilit\u00e9 de permettre l&#8217;examen clinique qui pr\u00e9c\u00e8de la d\u00e9livrance d&#8217;une premi\u00e8re contraception par t\u00e9l\u00e9m\u00e9decine.<\/p>\n<p>Les ministres n&#8217;ont pas non plus r\u00e9pondu sur le risque de rupture des stocks de contraceptifs, de m\u00e9dicaments et de mat\u00e9riel de r\u00e9duction des risques. Les acteurs du secteur sont clairement en demande de r\u00e9ponses. Tous les jours, ils sont sur le terrain et ils sont inquiets. Leur public a diminu\u00e9 de 80%. Ils ont peur d&#8217;un risque de p\u00e9nurie qui pourrait, soit, aggraver la difficult\u00e9 d&#8217;acc\u00e8s \u00e0 certains m\u00e9dicaments en raison de l&#8217;augmentation des prix, soit, tout simplement faire une rupture dans l&#8217;approvisionnement, avec la bombe sanitaire que cela peut repr\u00e9senter pour l&#8217;apr\u00e8s-COVID. Or je n&#8217;ai obtenu aucune r\u00e9ponse et je suis vraiment g\u00ean\u00e9e vis-\u00e0-vis de ce secteur qui nous demande des r\u00e9ponses. Il vous a \u00e9crit une lettre hier et on n&#8217;a toujours rien.<\/p>\n<p>La r\u00e9ponse sur les sages-femmes lib\u00e9rales n&#8217;est pas satisfaisante non plus. Elle ne correspond pas du tout \u00e0 ce qui revient du terrain. Par ailleurs, j&#8217;ai r\u00e9f\u00e9r\u00e9 \u00e0 mes trois questions principales \u00e0 l&#8217;\u00e9crit mais les r\u00e9ponses ne sont pas du tout l\u00e0. Je pense de ce fait que notre mani\u00e8re de fonctionner ne va pas du tout. Ce n&#8217;est pas concluant par rapport aux questions pr\u00e9cises et courtes qui sont envoy\u00e9es par \u00e9crit. Je ne sais pas comment nous ferons la prochaine fois mais, l\u00e0, \u00e7a ne va pas!<\/p>\n<p>&nbsp;<\/p>\n<p><b>Maggie De Block, ministre<\/b> : Monsieur le pr\u00e9sident, j&#8217;ai entendu \u00e0 deux reprises les remarques de Mme Schlitz en ce qui concerne l&#8217;acc\u00e8s aux contraceptifs. J&#8217;ai retrouv\u00e9 les m\u00eames questions dans le compte rendu de la r\u00e9union de la semaine derni\u00e8re. J&#8217;ignore quel virus r\u00e8gne dans cette commission, mais je constate qu&#8217;il ne sert \u00e0 rien de vous r\u00e9pondre, puisque vous n&#8217;avez pas le temps de lire mes r\u00e9ponses. Vous pouvez d\u00e9battre de l&#8217;organisation des futures r\u00e9unions, mais votre attitude n&#8217;est pas honn\u00eate vis-\u00e0-vis de nous.<\/p>\n<p>&nbsp;<\/p>\n<p><b>Sarah Schlitz<\/b> (Ecolo-Groen) : J&#8217;ai \u00e9videmment lu la r\u00e9ponse de la semaine derni\u00e8re, qui ne r\u00e9pondait pas enti\u00e8rement \u00e0 ma question. Cette semaine je vous ai r\u00e9interrog\u00e9e sur la raison pour laquelle vous n&#8217;acceptiez pas la proposition du terrain de supprimer l&#8217;obligation d&#8217;ordonnance uniquement pendant la p\u00e9riode du COVID-19. Vous continuez \u00e0 vous obstiner avec une r\u00e9ponse qui ne correspond pas \u00e0 toute une partie des femmes. Par ailleurs, sur les trois questions que j&#8217;ai introduites et pour lesquelles j&#8217;avais fait r\u00e9f\u00e9rence \u00e0 la question \u00e9crite, je n&#8217;ai pas obtenu de r\u00e9ponse. Oui, cela est probl\u00e9matique.<\/p>\n","protected":false},"excerpt":{"rendered":"<p>COMMISSION SANT\u00c9 DU 21\/04\/2020 &nbsp; MES QUESTIONS \/ LEURS R\u00c9PONSES : &nbsp; 1.Permettre l\u2019examen clinique qui pr\u00e9c\u00e8de la d\u00e9livrance d\u2019une premi\u00e8re contraception par t\u00e9l\u00e9m\u00e9decine Les centres de plannings familiaux voient leur public consid\u00e9rablement diminuer et craignent un pic de situations probl\u00e9matiques lors du d\u00e9confinement. Ils demandent de pouvoir r\u00e9aliser la premi\u00e8re consultation pour une contraception [&hellip;]<\/p>\n","protected":false},"author":1530,"featured_media":2760,"comment_status":"closed","ping_status":"closed","sticky":false,"template":"","format":"standard","meta":{"_acf_changed":false,"_et_pb_use_builder":"","_et_pb_old_content":"","_et_gb_content_width":"","footnotes":""},"categories":[4,43,6,33],"tags":[],"class_list":["post-2759","post","type-post","status-publish","format-standard","has-post-thumbnail","hentry","category-archives","category-droits-des-femmes","category-question-parlementaire","category-sante"],"acf":[],"_links":{"self":[{"href":"https:\/\/sarahschlitz.be\/nl\/wp-json\/wp\/v2\/posts\/2759","targetHints":{"allow":["GET"]}}],"collection":[{"href":"https:\/\/sarahschlitz.be\/nl\/wp-json\/wp\/v2\/posts"}],"about":[{"href":"https:\/\/sarahschlitz.be\/nl\/wp-json\/wp\/v2\/types\/post"}],"author":[{"embeddable":true,"href":"https:\/\/sarahschlitz.be\/nl\/wp-json\/wp\/v2\/users\/1530"}],"replies":[{"embeddable":true,"href":"https:\/\/sarahschlitz.be\/nl\/wp-json\/wp\/v2\/comments?post=2759"}],"version-history":[{"count":3,"href":"https:\/\/sarahschlitz.be\/nl\/wp-json\/wp\/v2\/posts\/2759\/revisions"}],"predecessor-version":[{"id":2763,"href":"https:\/\/sarahschlitz.be\/nl\/wp-json\/wp\/v2\/posts\/2759\/revisions\/2763"}],"wp:featuredmedia":[{"embeddable":true,"href":"https:\/\/sarahschlitz.be\/nl\/wp-json\/wp\/v2\/media\/2760"}],"wp:attachment":[{"href":"https:\/\/sarahschlitz.be\/nl\/wp-json\/wp\/v2\/media?parent=2759"}],"wp:term":[{"taxonomy":"category","embeddable":true,"href":"https:\/\/sarahschlitz.be\/nl\/wp-json\/wp\/v2\/categories?post=2759"},{"taxonomy":"post_tag","embeddable":true,"href":"https:\/\/sarahschlitz.be\/nl\/wp-json\/wp\/v2\/tags?post=2759"}],"curies":[{"name":"wp","href":"https:\/\/api.w.org\/{rel}","templated":true}]}}