{"id":2704,"date":"2020-04-14T12:29:39","date_gmt":"2020-04-14T10:29:39","guid":{"rendered":"https:\/\/sarahschlitz.be\/?p=2704"},"modified":"2020-04-17T15:31:04","modified_gmt":"2020-04-17T13:31:04","slug":"question-a-la-ministre-marghem-sur-ladequation-du-plan-de-relance-suite-a-la-crise-du-covid-19-avec-nos-objectifs-climatiques","status":"publish","type":"post","link":"https:\/\/sarahschlitz.be\/nl\/question-a-la-ministre-marghem-sur-ladequation-du-plan-de-relance-suite-a-la-crise-du-covid-19-avec-nos-objectifs-climatiques\/","title":{"rendered":"Question \u00e0 la Ministre Marghem sur l&#8217;ad\u00e9quation du plan de relance suite \u00e0 la crise du COVID-19 avec nos objectifs climatiques"},"content":{"rendered":"<h3>Madame la Ministre,<\/h3>\n<p>Bien qu\u2019actuellement notre objectif principal soit la lutte contre le virus afin de sauver des vies, en mati\u00e8re de climat, il s\u2019agit toujours d\u2019anticiper au maximum les effets \u00e0 long terme. Le plan de relance sera d\u00e9terminant pour nos objectifs climatiques. Il pourra acc\u00e9l\u00e9rer ou freiner le moteur de la transition bas carbone. Aussi, les mesures de revitalisation de l\u2019\u00e9conomie devront servir de tremplin \u00e0 une transition \u00e9nerg\u00e9tique urgente et indispensable.<\/p>\n<p>Dans ce cadre, plusieurs mesures nous semblent essentielles\u00a0:<\/p>\n<ul>\n<li>Conditionner les aides \u00e0 la relance \u00e0 des exigences environnementales\u00a0;<\/li>\n<li>Relocaliser certains pans de notre production\u00a0;<\/li>\n<li>Mobiliser les d\u00e9penses publiques et mon\u00e9taire vers l&#8217;investissement vert et les \u00e9nergies\u00a0;<\/li>\n<li>Introduire des crit\u00e8res d&#8217;exclusion climatique lorsqu&#8217;on d\u00e9cide d&#8217;attribuer les aides d&#8217;\u00e9tat, et y ajouter de strictes conditions climatiques\u00a0;<\/li>\n<li>Reprise \u00e9conomique saine, conform\u00e9ment au \u201cGreen Deal\u201d europ\u00e9en et \u00e0 l\u2019accord de Paris sur le changement climatique\u00a0;<\/li>\n<li>Les aides d\u2019\u00c9tat aux secteurs fossiles tels que les producteurs de p\u00e9trole et de gaz et les secteurs de l\u2019aviation et du transport maritime doivent \u00eatre soumises \u00e0 des crit\u00e8res stricts, notamment l\u2019atteinte de l\u2019objectif z\u00e9ro \u00e9mission de gaz \u00e0 effet de serre d\u2019ici 2050 ;<\/li>\n<li>R\u00e9guler la demande de transport\u00a0;<\/li>\n<li>Impliquer les repr\u00e9sentants de mouvements environnementaux, \u00e0 commencer par la coalition climat en Belgique, dans l\u2019\u00e9laboration de la politique de relance.<\/li>\n<\/ul>\n<p>Une \u00e9tape importante en la mati\u00e8re aura lieu le 23 avril\u00a0: les chefs d&#8217;\u00c9tats et de gouvernement doivent approuver le plan de relance et les Coronabonds.<\/p>\n<p>Madame la Ministre,<\/p>\n<p>Est-ce que votre gouvernement travaille \u00e0 une position claire pour la Belgique, qui prenne en consid\u00e9ration les inqui\u00e9tudes climatiques ? Quelle est votre position par rapport aux diff\u00e9rents \u00e9l\u00e9ments expos\u00e9s ci-dessus ?<\/p>\n<p>Un d\u00e9bat serait \u00e9galement bienvenu sur l&#8217;annulation de la COP26 et le r\u00f4le primordial de la Belgique pour une relance climatique au niveau international.<\/p>\n<p>Je vous remercie, Madame la Ministre, pour vos r\u00e9ponses \u00e0 mes questions.<\/p>\n<p>&nbsp;<\/p>\n<h3>R\u00e9ponse de la Ministre Marghem lors de la Commission du 15\/04\/2020<\/h3>\n<p>La priorit\u00e9 est la gestion de la crise sanitaire. Parall\u00e8lement, des mesures de court terme visent \u00e0 prot\u00e9ger le pouvoir d&#8217;achat des citoyens et la liquidit\u00e9 des entreprises. Nous devons aussi pr\u00e9parer la relance sur le moyen et long termes. Les actions de pr\u00e9servation de la biodiversit\u00e9, de l&#8217;environnement et du climat en font partie. En effet, elles relanceront l&#8217;activit\u00e9 dans des secteurs intensifs en main-d&#8217;\u0153uvre tels que la r\u00e9novation massive des b\u00e2timents ou le d\u00e9veloppement des \u00e9nergies renouvelables, mais aussi dans l&#8217;\u00e9conomie circulaire par circuits courts et l&#8217;\u00e9conomie de partage et de la fonctionnalit\u00e9.<\/p>\n<p>Dans ce contexte, je soutiens l&#8217;application du Green Deal europ\u00e9en. Lors du sommet du 26mars, les chefs d&#8217;\u00c9tat ont unanimement d\u00e9clar\u00e9 la n\u00e9cessit\u00e9 d&#8217;int\u00e9grer la transition propre dans les mesures de relance europ\u00e9ennes. J&#8217;explorerai les pistes que vous proposez, et les promouvrai au gouvernement pour que la relance post-crise soit coh\u00e9rente avec une transition propre et juste.<\/p>\n<p>&nbsp;<\/p>\n<h3>Ma r\u00e9plique<\/h3>\n<p>Il est rassurant que vous souteniez la reprise du Green Dealet les actions environnementales. Cette transition doit \u00eatre juste et nous sommes favorables \u00e0 votre projet de grand plan de r\u00e9novation. Il faudra limiter fortement les subsides aux \u00e9nergies fossiles et conditionner les aides d&#8217;\u00c9tat au respect des engagements climatiques. M.Bellot hier estimait que rien ne changerait dans le secteur a\u00e9rien apr\u00e8s la crise. C&#8217;est aux d\u00e9cideurs \u00e0 donner les bonnes impulsions.<\/p>\n","protected":false},"excerpt":{"rendered":"<p>Madame la Ministre, Bien qu\u2019actuellement notre objectif principal soit la lutte contre le virus afin de sauver des vies, en mati\u00e8re de climat, il s\u2019agit toujours d\u2019anticiper au maximum les effets \u00e0 long terme. Le plan de relance sera d\u00e9terminant pour nos objectifs climatiques. Il pourra acc\u00e9l\u00e9rer ou freiner le moteur de la transition bas [&hellip;]<\/p>\n","protected":false},"author":1530,"featured_media":2705,"comment_status":"closed","ping_status":"closed","sticky":false,"template":"","format":"standard","meta":{"_acf_changed":false,"_et_pb_use_builder":"","_et_pb_old_content":"","_et_gb_content_width":"","footnotes":""},"categories":[4,40,6],"tags":[],"class_list":["post-2704","post","type-post","status-publish","format-standard","has-post-thumbnail","hentry","category-archives","category-climat","category-question-parlementaire"],"acf":[],"_links":{"self":[{"href":"https:\/\/sarahschlitz.be\/nl\/wp-json\/wp\/v2\/posts\/2704","targetHints":{"allow":["GET"]}}],"collection":[{"href":"https:\/\/sarahschlitz.be\/nl\/wp-json\/wp\/v2\/posts"}],"about":[{"href":"https:\/\/sarahschlitz.be\/nl\/wp-json\/wp\/v2\/types\/post"}],"author":[{"embeddable":true,"href":"https:\/\/sarahschlitz.be\/nl\/wp-json\/wp\/v2\/users\/1530"}],"replies":[{"embeddable":true,"href":"https:\/\/sarahschlitz.be\/nl\/wp-json\/wp\/v2\/comments?post=2704"}],"version-history":[{"count":3,"href":"https:\/\/sarahschlitz.be\/nl\/wp-json\/wp\/v2\/posts\/2704\/revisions"}],"predecessor-version":[{"id":2724,"href":"https:\/\/sarahschlitz.be\/nl\/wp-json\/wp\/v2\/posts\/2704\/revisions\/2724"}],"wp:featuredmedia":[{"embeddable":true,"href":"https:\/\/sarahschlitz.be\/nl\/wp-json\/wp\/v2\/media\/2705"}],"wp:attachment":[{"href":"https:\/\/sarahschlitz.be\/nl\/wp-json\/wp\/v2\/media?parent=2704"}],"wp:term":[{"taxonomy":"category","embeddable":true,"href":"https:\/\/sarahschlitz.be\/nl\/wp-json\/wp\/v2\/categories?post=2704"},{"taxonomy":"post_tag","embeddable":true,"href":"https:\/\/sarahschlitz.be\/nl\/wp-json\/wp\/v2\/tags?post=2704"}],"curies":[{"name":"wp","href":"https:\/\/api.w.org\/{rel}","templated":true}]}}