{"id":2636,"date":"2020-03-23T15:21:40","date_gmt":"2020-03-23T14:21:40","guid":{"rendered":"https:\/\/sarahschlitz.be\/?p=2636"},"modified":"2020-04-29T20:01:43","modified_gmt":"2020-04-29T18:01:43","slug":"question-au-ministre-geens-sur-le-suivi-des-plaintes-pour-violences-intrafamiliales-pendant-la-crise-du-coronavirus","status":"publish","type":"post","link":"https:\/\/sarahschlitz.be\/nl\/question-au-ministre-geens-sur-le-suivi-des-plaintes-pour-violences-intrafamiliales-pendant-la-crise-du-coronavirus\/","title":{"rendered":"Question au Ministre Geens sur le suivi des plaintes pour violences intrafamiliales pendant la crise du coronavirus"},"content":{"rendered":"<h3>Monsieur le Ministre,<\/h3>\n<p>Dans notre pays, la violence intrafamiliale est un ph\u00e9nom\u00e8ne r\u00e9pandu qui touche en tr\u00e8s grande majorit\u00e9 les femmes et impacte aussi les enfants en tant que t\u00e9moins ou victimes. Ces derniers jours, plusieurs experts ont tir\u00e9 la sonnette d\u2019alarme quant \u00e0 l\u2019augmentation probable de ces violences dans les semaines \u00e0 venir. La tension li\u00e9e \u00e0 la situation que nous vivons aujourd&#8217;hui, ajout\u00e9e \u00e0 la promiscuit\u00e9 soudaine des membres d\u2019une m\u00eame famille, peuvent conduire \u00e0 une apparition ou une aggravation des \u00e9pisodes de violence au sein des foyers.<\/p>\n<p>On sait que dans les pays les plus touch\u00e9s par le COVID-19 le nombre de violences conjugales a explos\u00e9. Par exemple, en Chine, le nombre de cas de violences conjugales recens\u00e9s en janvier 2020 \u00e9tait le double par rapport \u00e0 la m\u00eame p\u00e9riode l\u2019ann\u00e9e pr\u00e9c\u00e9dente.<\/p>\n<p>Aux-c\u00f4t\u00e9s des femmes, les enfants, personnes vuln\u00e9rables, sont aussi en danger dans un foyer o\u00f9 les probl\u00e8mes de violences sont r\u00e9currents et qui risquent de s&#8217;accro\u00eetre pendant le confinement.<\/p>\n<p>Monsieur le Ministre,<\/p>\n<p>La lutte contre les violences intrafamiliales fait-elle partie des services prioritaires qui seront assur\u00e9s pendant la crise\u00a0?<\/p>\n<p>Quel signal avez-vous\/allez-vous envoyer aux tribunaux, parquets et juges d\u2019instruction en la mati\u00e8re\u00a0? Envisagez-vous d\u2019\u00e9mettre une directive de politique criminelle \u00e9tablissant que le suivi des plaintes pour violence fait partie des priorit\u00e9s\u00a0? Allez-vous vous assurer que les affaires urgentes en mati\u00e8re de violences intrafamiliales soient trait\u00e9es par les tribunaux, par les juges d\u2019instruction et par les parquets, notamment en ordonnant des mesures d\u2019\u00e9loignement temporaire de l\u2019auteur\u00a0?<\/p>\n<p>Pourriez-vous vous assurer, en collaboration avec les communaut\u00e9, que des places en refuges soient maintenues et cr\u00e9\u00e9es en nombre suffisant\u00a0?<\/p>\n<p>Merci, Monsieur le Ministre, pour vos r\u00e9ponses \u00e0 mes questions.<\/p>\n<h3>R\u00e9ponse du Ministre Geens, Commission Justice du 08\/04\/2020<\/h3>\n<p>La lutte contre la violence intrafamiliale et la violence \u00e0 l\u2019encontre des femmes restent une priorit\u00e9 pendant cette crise du coronavirus. La circulaire COL 4-2006 revue le 12\/10\/2015 en ce qui concerne la violence entre partenaires et la circulaire COL 18-2012 en ce qui concerne l\u2019\u00e9loignement du domicile restent enti\u00e8rement d\u2019application. Les procureurs g\u00e9n\u00e9raux, les procureurs du Roi et les magistrats ont \u00e9t\u00e9 appel\u00e9s \u00e0 donner, vue la situation particuli\u00e8re, une priorit\u00e9 stricte \u00e0 ces situations. Si n\u00e9cessaire, des mesures d\u2019\u00e9loignement du domicile seront prononc\u00e9s et aussi des condamnations de privation de libert\u00e9.<\/p>\n<p>Les parquets ne travaillent nullement en service r\u00e9duit ou en effectifs r\u00e9duits en ce qui concerne la r\u00e9pression, la d\u00e9tection, la poursuite et le jugement de ce type d\u2019infractions. Ils assurent la continuit\u00e9 du traitement civil ou p\u00e9nal de ces affaires.<\/p>\n<p>Bien entendu ils respectent les principes et les exigences du droit p\u00e9nal et de la proc\u00e9dure p\u00e9nale tels que d\u00e9crits dans notre droit interne et dans la convention internationale des droits de l\u2019homme. D\u00e8s lors, cela s\u2019applique \u00e9galement \u00e0 la charge de la preuve comme \u00e9tant un \u00e9l\u00e9ment important des droits de la d\u00e9fense et des droits \u00e0 un proc\u00e8s \u00e9quitable.<\/p>\n<p>Lors de la r\u00e9union de pr\u00e9paration de la conf\u00e9rence interminist\u00e9rielle du 02\/04\/2020 entre les cabinets des ministres f\u00e9d\u00e9raux et des ministres des entit\u00e9s f\u00e9d\u00e9r\u00e9es concern\u00e9es par la question, les mesures suivantes ont \u00e9t\u00e9 prises en la mati\u00e8re :<\/p>\n<ul>\n<li>de mani\u00e8re pr\u00e9ventive, les lignes d\u2019aide sont renforc\u00e9es et sont monitor\u00e9es de sorte que l\u2019on puisse adapter rapidement la demande<\/li>\n<li>les centres de bien-\u00eatre restent actifs dans l\u2019offre aux victimes de violences familiales tant sur le plan t\u00e9l\u00e9phonique que via les autres canaux<\/li>\n<li>l\u2019accompagnement est poursuivi par les m\u00eames canaux afin de pouvoir donner un maximum de soutien<\/li>\n<li>information quant \u00e0 l\u2019aide disponible que l\u2019on peut retrouver sur le site https:\/\/www.we-access.eu\/fr, lignes d\u2019\u00e9coute dans 22 langues diff\u00e9rentes sur https:\/\/www.luisterendeoren.be\/fr\/contact<\/li>\n<li>les 3 centres de prise en charge des violences sexuelles restent ouverts 24h\/24 et offrent \u00e9galement une permanence t\u00e9l\u00e9phonique<\/li>\n<li>sur la base d\u2019un suivi r\u00e9gulier des abris d\u2019urgence disponibles, des solutions alternatives d\u2019h\u00e9bergement d\u2019urgence sont recherch\u00e9es pour les victimes avec ou sans enfants en fournissant l\u2019accompagnement psycho-social n\u00e9cessaire<\/li>\n<li>d\u00e9p\u00f4t des plaintes, poursuite, proc\u00e8s : approche prioritaire de ces violences.<\/li>\n<\/ul>\n<p>Une nouvelle r\u00e9union de la Conf\u00e9rence interminist\u00e9rielle est pr\u00e9vue le 17 avril prochain.<\/p>\n<p>&nbsp;<\/p>\n<h3>Sur cette m\u00eame question :<\/h3>\n<div class=\"\"><span class=\"\"><strong>Question au SPOC <\/strong><\/span><strong class=\"\">: <\/strong><span class=\"\">il est essentiel que les magistrats de r\u00e9f\u00e9rence (pr\u00e9vus par exemple dans COL 4\/2006) continuent de suivre en priorit\u00e9 les dossiers concernant les violences intrafamiliales.\u00a0<\/span><span class=\"\">Il doit y avoir un magistrat permanent pour les\u00a0<\/span>violences intrafamiliales<span class=\"\">.\u00a0<\/span><span class=\"\">Si les magistrats de r\u00e9f\u00e9rence ne peuvent plus suivre les\u00a0<\/span>violences intrafamiliales pour cause de maladie, un rempla\u00e7ant peut-il \u00eatre pr\u00e9vu?<\/div>\n<div class=\"\"><span class=\"\">\u00a0<\/span><\/div>\n<div class=\"\"><span class=\"\"><strong>R\u00e9ponse 1 :<\/strong>\u00a0<\/span><span class=\"\">Les dossiers auxquels il est fait r\u00e9f\u00e9rence continueront d&#8217;\u00eatre trait\u00e9s en priorit\u00e9.\u00a0<\/span><span class=\"\">Cela a r\u00e9cemment \u00e9t\u00e9 confirm\u00e9 par le coll\u00e8ge des procureurs g\u00e9n\u00e9raux.<\/span><\/div>\n<p class=\"\"><span class=\"\">Les magistrats de r\u00e9f\u00e9rence au sein du minist\u00e8re public font office de points de contact et d&#8217;experts pour les questions qui leur sont confi\u00e9es, comme en l&#8217;occurrence la violence intrafamiliale.\u00a0Sur la base de leur expertise et de leur exp\u00e9rience, ils traitent les dossiers criminels concrets de violence intra-familiale et assurent le suivi des dossiers de leurs coll\u00e8gues.\u00a0Ils codirigent \u00e9galement la politique, tant au niveau local que du Centre national d&#8217;expertise pour les d\u00e9lits contre les personnes.<\/span><\/p>\n<p class=\"\"><span class=\"\">En plus du magistrat qui a le titre \/ qualit\u00e9 de magistrat de r\u00e9f\u00e9rence, il existe \u00e9galement d&#8217;autres magistrats du parquet qui se sp\u00e9cialisent en la mati\u00e8re, notamment par leur travail quotidien au sein du d\u00e9partement qui traite et poursuit ces d\u00e9lits.<\/span><\/p>\n<p class=\"\"><span class=\"\">De plus, dans le cadre du service permanent 24h \/ 24 au sein de chaque parquet, il y a toujours un magistrat du parquet, \u00e0 son tour, qui prend les d\u00e9cisions urgentes (en dehors des heures de travail).\u00a0\u00c9tant donn\u00e9 que les d\u00e9lits mentionn\u00e9s ici se produisent fr\u00e9quemment, y compris le soir, la nuit et les week-ends, chaque magistrat du parquet est confront\u00e9 \u00e0 de tels d\u00e9lits.\u00a0Il suit strictement les instructions et peut contacter le magistrat plus sp\u00e9cialis\u00e9.<\/span><\/p>\n<p class=\"\"><span class=\"\">Il n&#8217;y a donc pas de probl\u00e8me en cas d&#8217;absence temporaire du magistrat de r\u00e9f\u00e9rence.\u00a0Les dossiers sont trait\u00e9s ult\u00e9rieurement de mani\u00e8re sp\u00e9cialis\u00e9e.<\/span><\/p>\n<p><strong>R\u00e9ponse 2 :<\/strong> En ce qui concerne le d\u00e9p\u00f4t de plaintes par les victimes de violence intrafamiliale, il est confirm\u00e9 que la fonction d&#8217;accueil, y compris le traitement des victimes par la police (une fonction de base de la police), reste pleinement garantie.<br \/>\nUn service &#8220;en ligne&#8221; (cf. police sur internet) ou &#8220;\u00e0 distance&#8221; ne va pas de soi pour ce type de plaintes, \u00e9tant donn\u00e9 la n\u00e9cessit\u00e9 d&#8217;un suivi imm\u00e9diat (par exemple en cas de danger pour l&#8217;int\u00e9grit\u00e9 physique des colocataires) et donc la pr\u00e9sence physique de la police. La victime doit \u00e9galement \u00eatre interrog\u00e9e sur les faits en fonction de la poursuite de la proc\u00e9dure p\u00e9nale.<br \/>\nLes directives n\u00e9cessaires ont \u00e9t\u00e9 publi\u00e9es afin que les commissions de police restent ouvertes \u00e0 ce service fondamental au citoyen.<br \/>\nEn ce qui concerne les parquets, les lignes directrices existantes sur la violence intrafamiliale continueront \u00e0 \u00eatre appliqu\u00e9es dans leur int\u00e9gralit\u00e9. Le suivi des plaintes pour violence conjugale ou autre violence domestique reste donc une priorit\u00e9 de la politique p\u00e9nale, m\u00eame en temps de pand\u00e9mie de corona, conform\u00e9ment \u00e0 la COL 4\/2006 (r\u00e9vis\u00e9e le 12 octobre 2015), et les parquets prennent les mesures n\u00e9cessaires pour permettre une intervention urgente.<br \/>\nLes instruments disponibles \u00e0 cette fin continueront d&#8217;\u00eatre appliqu\u00e9s. Par exemple, l&#8217;ordonnance d&#8217;interdiction temporaire (conform\u00e9ment \u00e0 la COL 18\/2012 r\u00e9cemment r\u00e9vis\u00e9e) peut \u00eatre impos\u00e9e ou, dans le cas de violences domestiques graves, le juge d&#8217;instruction peut \u00eatre appr\u00e9hend\u00e9 imm\u00e9diatement, en fonction de la d\u00e9tention provisoire (que ce soit ou non selon la modalit\u00e9 E.T. dans un autre lieu de r\u00e9sidence ou avec libert\u00e9 sous conditions, par exemple l&#8217;ordonnance d&#8217;interdiction (conform\u00e9ment \u00e0 la COL 18\/2012 r\u00e9cemment r\u00e9vis\u00e9e).<br \/>\nLa pr\u00e9sence importante de la police dans la rue pour le contr\u00f4le du respect des mesures corona renforce \u00e9galement le contr\u00f4le du respect des ordonnances de restriction par exemple.<br \/>\nLes procureurs et les magistrats sp\u00e9cialis\u00e9s de r\u00e9f\u00e9rence du r\u00e9seau d&#8217;experts &#8220;crimes contre les personnes&#8221; ont \u00e9galement \u00e9t\u00e9 inform\u00e9s de la priorit\u00e9 par courrier \u00e9lectronique par le coordinateur principal dudit r\u00e9seau d&#8217;experts et ont \u00e9galement \u00e9t\u00e9 interrog\u00e9s sur la situation sur le terrain (fluctuation des plaintes ou autres goulets d&#8217;\u00e9tranglement).<br \/>\nPour l&#8217;instant, il n&#8217;y a pas d&#8217;augmentation du nombre de dossiers au niveau du minist\u00e8re public, mais une explication possible pourrait \u00eatre que les victimes se sentent plus r\u00e9ticentes \u00e0 d\u00e9poser une plainte.<\/p>\n","protected":false},"excerpt":{"rendered":"<p>Monsieur le Ministre, Dans notre pays, la violence intrafamiliale est un ph\u00e9nom\u00e8ne r\u00e9pandu qui touche en tr\u00e8s grande majorit\u00e9 les femmes et impacte aussi les enfants en tant que t\u00e9moins ou victimes. Ces derniers jours, plusieurs experts ont tir\u00e9 la sonnette d\u2019alarme quant \u00e0 l\u2019augmentation probable de ces violences dans les semaines \u00e0 venir. La [&hellip;]<\/p>\n","protected":false},"author":1530,"featured_media":2637,"comment_status":"closed","ping_status":"closed","sticky":false,"template":"","format":"standard","meta":{"_acf_changed":false,"_et_pb_use_builder":"","_et_pb_old_content":"","_et_gb_content_width":"","footnotes":""},"categories":[4,43,6],"tags":[],"class_list":["post-2636","post","type-post","status-publish","format-standard","has-post-thumbnail","hentry","category-archives","category-droits-des-femmes","category-question-parlementaire"],"acf":[],"_links":{"self":[{"href":"https:\/\/sarahschlitz.be\/nl\/wp-json\/wp\/v2\/posts\/2636","targetHints":{"allow":["GET"]}}],"collection":[{"href":"https:\/\/sarahschlitz.be\/nl\/wp-json\/wp\/v2\/posts"}],"about":[{"href":"https:\/\/sarahschlitz.be\/nl\/wp-json\/wp\/v2\/types\/post"}],"author":[{"embeddable":true,"href":"https:\/\/sarahschlitz.be\/nl\/wp-json\/wp\/v2\/users\/1530"}],"replies":[{"embeddable":true,"href":"https:\/\/sarahschlitz.be\/nl\/wp-json\/wp\/v2\/comments?post=2636"}],"version-history":[{"count":8,"href":"https:\/\/sarahschlitz.be\/nl\/wp-json\/wp\/v2\/posts\/2636\/revisions"}],"predecessor-version":[{"id":2827,"href":"https:\/\/sarahschlitz.be\/nl\/wp-json\/wp\/v2\/posts\/2636\/revisions\/2827"}],"wp:featuredmedia":[{"embeddable":true,"href":"https:\/\/sarahschlitz.be\/nl\/wp-json\/wp\/v2\/media\/2637"}],"wp:attachment":[{"href":"https:\/\/sarahschlitz.be\/nl\/wp-json\/wp\/v2\/media?parent=2636"}],"wp:term":[{"taxonomy":"category","embeddable":true,"href":"https:\/\/sarahschlitz.be\/nl\/wp-json\/wp\/v2\/categories?post=2636"},{"taxonomy":"post_tag","embeddable":true,"href":"https:\/\/sarahschlitz.be\/nl\/wp-json\/wp\/v2\/tags?post=2636"}],"curies":[{"name":"wp","href":"https:\/\/api.w.org\/{rel}","templated":true}]}}