{"id":262,"date":"2018-10-18T14:00:39","date_gmt":"2018-10-18T12:00:39","guid":{"rendered":"https:\/\/sarahschlitz.be\/?p=262"},"modified":"2020-05-05T16:45:54","modified_gmt":"2020-05-05T14:45:54","slug":"interdiction-des-velos-dans-les-trains","status":"publish","type":"post","link":"https:\/\/sarahschlitz.be\/nl\/interdiction-des-velos-dans-les-trains\/","title":{"rendered":"Question \u00e0 Fran\u00e7ois Bellot sur l&#8217;interdiction des v\u00e9los dans les trains"},"content":{"rendered":"<p>[et_pb_section bb_built=&#8221;1&#8243; admin_label=&#8221;section&#8221; _builder_version=&#8221;3.0.47&#8243;][et_pb_row admin_label=&#8221;row&#8221; _builder_version=&#8221;3.0.48&#8243; background_size=&#8221;initial&#8221; background_position=&#8221;top_left&#8221; background_repeat=&#8221;repeat&#8221;][et_pb_column type=&#8221;4_4&#8243;][et_pb_text admin_label=&#8221;Text&#8221; _builder_version=&#8221;3.0.74&#8243; background_size=&#8221;initial&#8221; background_position=&#8221;top_left&#8221; background_repeat=&#8221;repeat&#8221;]<\/p>\n<blockquote>\n<h5 style=\"text-align: justify\"><strong>Ma question au ministre de la Mobilit\u00e9, charg\u00e9 de Belgocontrol et de la Soci\u00e9t\u00e9 Nationale des Chemins de fer Belges<\/strong><\/h5>\n<\/blockquote>\n<p style=\"text-align: justify\">Monsieur le pr\u00e9sident, monsieur le ministre, chers coll\u00e8gues, pour <strong>ma toute premi\u00e8re question d&#8217;actualit\u00e9 dans cet h\u00e9micycle<\/strong>, je vais aborder un sujet qui me tient \u00e0 c\u0153ur : la mobilit\u00e9 et, plus particuli\u00e8rement la combinaison entre le train et le v\u00e9lo.<\/p>\n<p style=\"text-align: justify\">Pour venir de Li\u00e8ge, ce matin, j&#8217;ai pris le train avec mon v\u00e9lo. En Belgique,<strong> les embouteillages sont une r\u00e9alit\u00e9 qui ne cesse d&#8217;augmenter. On n&#8217;a jamais pass\u00e9 autant de temps dans les files. Les signaux climatiques sont dans le rouge.<\/strong> Il est urgent d&#8217;acc\u00e9l\u00e9rer la transition. Or, pour ce faire, la mise en place d&#8217;une mobilit\u00e9 moderne doit arriver aujourd&#8217;hui, \u00e0 travers la modernisation de la SNCB et une politique cyclable ambitieuse.<\/p>\n<h4><span style=\"font-size: medium\"><em>Mais qu&#8217;apprend-on cette semaine? Que la SNCB ne veut plus qu&#8217;on prenne son v\u00e9lo dans les trains pendant les heures de pointe.<\/em><\/span><\/h4>\n<p style=\"text-align: justify\">Nous sommes tous d&#8217;accord pour affirmer que la ponctualit\u00e9 est un probl\u00e8me \u00e0 la SNCB. Les navetteurs peuvent en t\u00e9moigner. Mais doit-on vraiment mettre la charge de ce d\u00e9ficit de ponctualit\u00e9 sur les usagers? Il y a des mesures plus urgentes \u00e0 prendre que d&#8217;interdire les v\u00e9los pendant les heures de pointe: par exemple, la lutte contre les vols de c\u00e2bles, l&#8217;organisation intelligente les entr\u00e9es et sorties de voyageurs, etc.<\/p>\n<p style=\"text-align: justify\">Pour nous, il est tr\u00e8s clair que cette d\u00e9cision concernant les v\u00e9los doit \u00eatre imm\u00e9diatement suspendue et une concertation organis\u00e9e avec les associations de cyclistes et de navetteurs.<\/p>\n<p style=\"text-align: justify\">Monsieur le ministre, en tant que ministre de tutelle, que comptez-vous faire?<\/p>\n<blockquote><p><span style=\"font-size: large\"><strong>R\u00e9ponse de Fran\u00e7ois Bellot, ministre :<\/strong><\/span><\/p><\/blockquote>\n<p style=\"text-align: justify\">pr\u00e9sident, ch\u00e8res coll\u00e8gues, durant ces deux derni\u00e8res ann\u00e9es, je n&#8217;ai cess\u00e9 de d\u00e9ployer de l&#8217;\u00e9nergie afin de favoriser le d\u00e9veloppement de chacun des maillons de la cha\u00eene de la mobilit\u00e9 et, en particulier, de renforcer les interfaces entre les modes de d\u00e9placement.<\/p>\n<p style=\"text-align: justify\">Le cas des v\u00e9los est illustratif car le gouvernement a approuv\u00e9 le plan d&#8217;investissement de la SNCB qui met un accent particulier sur l&#8217;accueil des v\u00e9los en gare avec une augmentation des places de parking pour v\u00e9los qui s&#8217;inscrit dans l&#8217;objectif des 50 000 places suppl\u00e9mentaires pour v\u00e9los \u00e0 l&#8217;horizon 2025.<\/p>\n<p style=\"text-align: justify\"><span style=\"font-size: medium;font-family: inherit;font-weight: normal\">Par ailleurs, le plan d&#8217;investissement pr\u00e9voit \u00e9galement l&#8217;acquisition de nouvelles rames M7 qui, comme les Desiro et les M6, disposeront de compartiments multifonctions dans lesquels il est plus ais\u00e9 d&#8217;emporter son v\u00e9lo.<\/span><\/p>\n<p style=\"text-align: justify\">En ce qui concerne la politique des v\u00e9los \u00e0 bord des trains, j&#8217;ai d\u00e9couvert, comme vous, les intentions de la SNCB \u00e0 travers la presse :<\/p>\n<h4 style=\"text-align: justify;padding-left: 30px\"><span style=\"font-size: medium\"><strong><em>Je ne partage ni la <span style=\"font-family: inherit\">strat\u00e9gie<\/span> propos\u00e9e pour les heures de pointe visant \u00e0 g\u00e9n\u00e9raliser l&#8217;interdiction des v\u00e9los classiques, dans les trains, sur toutes les lignes, ni la m\u00e9thode pour y arriver, la SNCB ayant pr\u00e9cis\u00e9 que la mesure envisag\u00e9e ne concernait pas les v\u00e9los pliables.<\/em><\/strong><\/span><\/h4>\n<p style=\"text-align: justify\">Avant de prendre une d\u00e9cision, j&#8217;ai demand\u00e9 \u00e0 la SNCB de documenter les probl\u00e8mes auxquels elle est confront\u00e9e, de r\u00e9aliser une analyse fouill\u00e9e ligne par ligne, de proposer d&#8217;\u00e9ventuelles mesures l\u00e0 o\u00f9 existeraient des difficult\u00e9s et de consulter les associations d&#8217;usagers des v\u00e9los et de navetteurs. C&#8217;est seulement apr\u00e8s ces quatre \u00e9tapes qu&#8217;une strat\u00e9gie pourra \u00eatre arr\u00eat\u00e9e, communiqu\u00e9e et mise en \u0153uvre.<\/p>\n<p style=\"text-align: justify\">Suite aux contacts tr\u00e8s r\u00e9cents que j&#8217;ai eus avec la SNCB sur le sujet, j&#8217;ai compris que la concertation avec le Comit\u00e9 des usagers au sein duquel sont repr\u00e9sent\u00e9es les associations de cyclistes va se poursuivre.<\/p>\n<p style=\"text-align: justify\">Par contre, je n&#8217;ai pas re\u00e7u d&#8217;informations sur l&#8217;ampleur des probl\u00e8mes. Je les ai demand\u00e9es. J<strong>e n&#8217;accepterai pas qu&#8217;une solution g\u00e9n\u00e9rale appliqu\u00e9e \u00e0 tous les trains en heures de pointe et sur toutes les lignes soit mise en place si des probl\u00e8mes ne se posent que sur certains trains de pointe avec un fort taux d&#8217;occupation.<\/strong><\/p>\n<blockquote><p><strong><span style=\"font-size: large\">Ma r\u00e9plique :<\/span><br \/>\n<\/strong><\/p><\/blockquote>\n<p style=\"text-align: justify\">Monsieur le ministre, je vous remercie pour vos r\u00e9ponses. Je suis \u00e9videmment ravie d&#8217;apprendre que des mesures ont \u00e9t\u00e9 prises concernant les questions de vols de c\u00e2bles. Je suis \u00e9galement tr\u00e8s heureuse de savoir que vous partagez notre avis concernant cette mesure d&#8217;interdiction des v\u00e9los dans les trains aux heures de pointe.<\/p>\n<p style=\"text-align: justify\">Les diff\u00e9rentes informations que vous avez demand\u00e9es \u00e0 la SNCB me semblent les bonnes, \u00e0 savoir une information pr\u00e9cise sur les probl\u00e8mes rencontr\u00e9s et, peut-\u00eatre, une hi\u00e9rarchisation des priorit\u00e9s en mati\u00e8re de ponctualit\u00e9. En effet, ces probl\u00e8mes de ponctualit\u00e9 \u00e0 la SNCB constituent un \u00e9norme d\u00e9fi \u00e0 relever que nous pouvons transformer en opportunit\u00e9 pour moderniser la SNCB. La soci\u00e9t\u00e9 belge conna\u00eet actuellement des probl\u00e8mes sans pr\u00e9c\u00e9dent en termes de mobilit\u00e9. On est coinc\u00e9 sur les routes \u00e0 toutes les heures de la journ\u00e9e. Les probl\u00e8mes climatiques ne doivent plus \u00eatre rappel\u00e9s. La SNCB et sa modernisation font vraiment partie des solutions qu&#8217;il faut apporter pour r\u00e9soudre ces probl\u00e8mes.<\/p>\n<h4 style=\"text-align: justify\">Je vous encourage vraiment \u00e0 saisir cette opportunit\u00e9 pour moderniser la SNCB. Nous soutenons \u00e9videmment votre proposition visant \u00e0 consulter les associations de navetteurs et de cyclistes. D\u00e8s lors, nous restons \u00e0 votre enti\u00e8re disposition en vue de progresser dans ce dossier.<\/h4>\n<p>[\/et_pb_text][\/et_pb_column][\/et_pb_row][et_pb_row _builder_version=&#8221;3.17.1&#8243;][et_pb_column type=&#8221;1_3&#8243;][\/et_pb_column][et_pb_column type=&#8221;2_3&#8243;][et_pb_video src=&#8221;https:\/\/www.youtube.com\/watch?v=XBxOjlQUpM0&#8243; _builder_version=&#8221;3.17.1&#8243; \/][\/et_pb_column][\/et_pb_row][et_pb_row _builder_version=&#8221;3.0.48&#8243; background_size=&#8221;initial&#8221; background_position=&#8221;top_left&#8221; background_repeat=&#8221;repeat&#8221;][et_pb_column type=&#8221;4_4&#8243;][et_pb_blog fullwidth=&#8221;off&#8221; posts_number=&#8221;3&#8243; include_categories=&#8221;40,32&#8243; show_thumbnail=&#8221;off&#8221; show_author=&#8221;off&#8221; show_categories=&#8221;off&#8221; show_pagination=&#8221;off&#8221; _builder_version=&#8221;3.17.1&#8243; header_level=&#8221;h4&#8243; body_font_size=&#8221;13&#8243; body_line_height=&#8221;1.4em&#8221; saved_tabs=&#8221;all&#8221; \/][\/et_pb_column][\/et_pb_row][\/et_pb_section]<\/p>\n","protected":false},"excerpt":{"rendered":"<p>Ma question au ministre de la Mobilit\u00e9, charg\u00e9 de Belgocontrol et de la Soci\u00e9t\u00e9 Nationale des Chemins de fer Belges Monsieur le pr\u00e9sident, monsieur le ministre, chers coll\u00e8gues, pour ma toute premi\u00e8re question d&#8217;actualit\u00e9 dans cet h\u00e9micycle, je vais aborder un sujet qui me tient \u00e0 c\u0153ur : la mobilit\u00e9 et, plus particuli\u00e8rement la combinaison [&hellip;]<\/p>\n","protected":false},"author":1526,"featured_media":267,"comment_status":"open","ping_status":"open","sticky":false,"template":"","format":"standard","meta":{"_acf_changed":false,"_et_pb_use_builder":"on","_et_pb_old_content":"<blockquote>\r\n<h5 style=\"text-align: left\"><strong>Ma question au ministre de la Mobilit\u00e9, charg\u00e9 de Belgocontrol et de la Soci\u00e9t\u00e9 Nationale des Chemins de fer Belges<\/strong><\/h5>\r\n<\/blockquote>\r\n<p style=\"text-align: left\">Monsieur le pr\u00e9sident, monsieur le ministre, chers coll\u00e8gues, pour ma toute premi\u00e8re question d'actualit\u00e9 dans cet h\u00e9micycle, je vais aborder un sujet qui me tient \u00e0 c\u0153ur: la mobilit\u00e9 et, plus particuli\u00e8rement la combinaison entre le train et le v\u00e9lo.<\/p>\r\n<p style=\"text-align: left\">Pour venir de Li\u00e8ge, ce matin, j'ai pris le train avec mon v\u00e9lo. En Belgique, les embouteillages sont une r\u00e9alit\u00e9 qui ne cesse d'augmenter. On n'a jamais pass\u00e9 autant de temps dans les files. Les signaux climatiques sont dans le rouge. Il est urgent d'acc\u00e9l\u00e9rer la transition. Or, pour ce faire, la mise en place d'une mobilit\u00e9 moderne doit arriver aujourd'hui, \u00e0 travers la modernisation de la SNCB et une politique cyclable ambitieuse.<\/p>\r\n<p style=\"text-align: left\">Mais qu'apprend-on cette semaine? Que la SNCB ne veut plus qu'on prenne son v\u00e9lo dans les trains pendant les heures de pointe.<\/p>\r\n<p style=\"text-align: left\">Nous sommes tous d'accord pour affirmer que la ponctualit\u00e9 est un probl\u00e8me \u00e0 la SNCB. Les navetteurs peuvent en t\u00e9moigner. Mais doit-on vraiment mettre la charge de ce d\u00e9ficit de ponctualit\u00e9 sur les usagers? Il y a des mesures plus urgentes \u00e0 prendre que d'interdire les v\u00e9los pendant les heures de pointe: par exemple, la lutte contre les vols de c\u00e2bles, l'organisation intelligente les entr\u00e9es et sorties de voyageurs, etc.<\/p>\r\n<p style=\"text-align: left\">Pour nous, il est tr\u00e8s clair que cette d\u00e9cision concernant les v\u00e9los doit \u00eatre imm\u00e9diatement suspendue et une concertation organis\u00e9e avec les associations de cyclistes et de navetteurs.<\/p>\r\n<p style=\"text-align: left\">Monsieur le ministre, en tant que ministre de tutelle, que comptez-vous faire?<\/p>\r\n\r\n<blockquote><strong>R\u00e9ponse de Fran\u00e7ois Bellot, ministre :<\/strong><\/blockquote>\r\n<p style=\"text-align: left\">pr\u00e9sident, ch\u00e8res coll\u00e8gues, durant ces deux derni\u00e8res ann\u00e9es, je n'ai cess\u00e9 de d\u00e9ployer de l'\u00e9nergie afin de favoriser le d\u00e9veloppement de chacun des maillons de la cha\u00eene de la mobilit\u00e9 et, en particulier, de renforcer les interfaces entre les modes de d\u00e9placement.<\/p>\r\n<p style=\"text-align: left\">Le cas des v\u00e9los est illustratif car le gouvernement a approuv\u00e9 le plan d'investissement de la SNCB qui met un accent particulier sur l'accueil des v\u00e9los en gare avec une augmentation des places de parking pour v\u00e9los qui s'inscrit dans l'objectif des 50 000 places suppl\u00e9mentaires pour v\u00e9los \u00e0 l'horizon 2025.<\/p>\r\n<p style=\"text-align: left\">Par ailleurs, le plan d'investissement pr\u00e9voit \u00e9galement l'acquisition de nouvelles rames M7 qui, comme les Desiro et les M6, disposeront de compartiments multifonctions dans lesquels il est plus ais\u00e9 d'emporter son v\u00e9lo.<\/p>\r\n<p style=\"text-align: left\">En ce qui concerne la politique des v\u00e9los \u00e0 bord des trains, j'ai d\u00e9couvert, comme vous, les intentions de la SNCB \u00e0 travers la presse. Je ne partage ni la strat\u00e9gie propos\u00e9e pour les heures de pointe visant \u00e0 g\u00e9n\u00e9raliser l'interdiction des v\u00e9los classiques, dans les trains, sur toutes les lignes, ni la m\u00e9thode pour y arriver, la SNCB ayant pr\u00e9cis\u00e9 que la mesure envisag\u00e9e ne concernait pas les v\u00e9los pliables.<\/p>\r\n<p style=\"text-align: left\">Avant de prendre une d\u00e9cision, j'ai demand\u00e9 \u00e0 la SNCB de documenter les probl\u00e8mes auxquels elle est confront\u00e9e, de r\u00e9aliser une analyse fouill\u00e9e ligne par ligne, de proposer d'\u00e9ventuelles mesures l\u00e0 o\u00f9 existeraient des difficult\u00e9s et de consulter les associations d'usagers des v\u00e9los et de navetteurs. C'est seulement apr\u00e8s ces quatre \u00e9tapes qu'une strat\u00e9gie pourra \u00eatre arr\u00eat\u00e9e, communiqu\u00e9e et mise en \u0153uvre.<\/p>\r\n<p style=\"text-align: left\">Suite aux contacts tr\u00e8s r\u00e9cents que j'ai eus avec la SNCB sur le sujet, j'ai compris que la concertation avec le Comit\u00e9 des usagers au sein duquel sont repr\u00e9sent\u00e9es les associations de cyclistes va se poursuivre.<\/p>\r\n<p style=\"text-align: left\">Par contre, je n'ai pas re\u00e7u d'informations sur l'ampleur des probl\u00e8mes. Je les ai demand\u00e9es. Je n'accepterai pas qu'une solution g\u00e9n\u00e9rale appliqu\u00e9e \u00e0 tous les trains en heures de pointe et sur toutes les lignes soit mise en place si des probl\u00e8mes ne se posent que sur certains trains de pointe avec un fort taux d'occupation.<\/p>\r\n\r\n<blockquote><strong>Ma r\u00e9plique :\r\n<\/strong><\/blockquote>\r\n<p style=\"text-align: left\">Monsieur le ministre, je vous remercie pour vos r\u00e9ponses. Je suis \u00e9videmment ravie d'apprendre que des mesures ont \u00e9t\u00e9 prises concernant les questions de vols de c\u00e2bles. Je suis \u00e9galement tr\u00e8s heureuse de savoir que vous partagez notre avis concernant cette mesure d'interdiction des v\u00e9los dans les trains aux heures de pointe.<\/p>\r\n<p style=\"text-align: left\">Les diff\u00e9rentes informations que vous avez demand\u00e9es \u00e0 la SNCB me semblent les bonnes, \u00e0 savoir une information pr\u00e9cise sur les probl\u00e8mes rencontr\u00e9s et, peut-\u00eatre, une hi\u00e9rarchisation des priorit\u00e9s en mati\u00e8re de ponctualit\u00e9. En effet, ces probl\u00e8mes de ponctualit\u00e9 \u00e0 la SNCB constituent un \u00e9norme d\u00e9fi \u00e0 relever que nous pouvons transformer en opportunit\u00e9 pour moderniser la SNCB. La soci\u00e9t\u00e9 belge conna\u00eet actuellement des probl\u00e8mes sans pr\u00e9c\u00e9dent en termes de mobilit\u00e9. On est coinc\u00e9 sur les routes \u00e0 toutes les heures de la journ\u00e9e. Les probl\u00e8mes climatiques ne doivent plus \u00eatre rappel\u00e9s. La SNCB et sa modernisation font vraiment partie des solutions qu'il faut apporter pour r\u00e9soudre ces probl\u00e8mes.<\/p>\r\n<p style=\"text-align: left\">Je vous encourage vraiment \u00e0 saisir cette opportunit\u00e9 pour moderniser la SNCB. Nous soutenons \u00e9videmment votre proposition visant \u00e0 consulter les associations de navetteurs et de cyclistes. D\u00e8s lors, nous restons \u00e0 votre enti\u00e8re disposition en vue de progresser dans ce dossier.<\/p>\r\n<p style=\"text-align: left\"><\/p>","_et_gb_content_width":"","footnotes":""},"categories":[4,32,6],"tags":[],"class_list":["post-262","post","type-post","status-publish","format-standard","has-post-thumbnail","hentry","category-archives","category-mobilite","category-question-parlementaire"],"acf":[],"_links":{"self":[{"href":"https:\/\/sarahschlitz.be\/nl\/wp-json\/wp\/v2\/posts\/262","targetHints":{"allow":["GET"]}}],"collection":[{"href":"https:\/\/sarahschlitz.be\/nl\/wp-json\/wp\/v2\/posts"}],"about":[{"href":"https:\/\/sarahschlitz.be\/nl\/wp-json\/wp\/v2\/types\/post"}],"author":[{"embeddable":true,"href":"https:\/\/sarahschlitz.be\/nl\/wp-json\/wp\/v2\/users\/1526"}],"replies":[{"embeddable":true,"href":"https:\/\/sarahschlitz.be\/nl\/wp-json\/wp\/v2\/comments?post=262"}],"version-history":[{"count":14,"href":"https:\/\/sarahschlitz.be\/nl\/wp-json\/wp\/v2\/posts\/262\/revisions"}],"predecessor-version":[{"id":1521,"href":"https:\/\/sarahschlitz.be\/nl\/wp-json\/wp\/v2\/posts\/262\/revisions\/1521"}],"wp:featuredmedia":[{"embeddable":true,"href":"https:\/\/sarahschlitz.be\/nl\/wp-json\/wp\/v2\/media\/267"}],"wp:attachment":[{"href":"https:\/\/sarahschlitz.be\/nl\/wp-json\/wp\/v2\/media?parent=262"}],"wp:term":[{"taxonomy":"category","embeddable":true,"href":"https:\/\/sarahschlitz.be\/nl\/wp-json\/wp\/v2\/categories?post=262"},{"taxonomy":"post_tag","embeddable":true,"href":"https:\/\/sarahschlitz.be\/nl\/wp-json\/wp\/v2\/tags?post=262"}],"curies":[{"name":"wp","href":"https:\/\/api.w.org\/{rel}","templated":true}]}}