{"id":2552,"date":"2020-02-18T10:56:29","date_gmt":"2020-02-18T09:56:29","guid":{"rendered":"https:\/\/sarahschlitz.be\/?p=2552"},"modified":"2020-02-18T10:56:31","modified_gmt":"2020-02-18T09:56:31","slug":"question-ecrite-au-ministre-koen-geens-sur-les-statistiques-en-matieres-de-harcelement","status":"publish","type":"post","link":"https:\/\/sarahschlitz.be\/nl\/question-ecrite-au-ministre-koen-geens-sur-les-statistiques-en-matieres-de-harcelement\/","title":{"rendered":"Question \u00e9crite au Ministre Koen Geens sur les statistiques en mati\u00e8res de harc\u00e8lement"},"content":{"rendered":"<p>[et_pb_section fb_built=&#8221;1&#8243; _builder_version=&#8221;4.3.2&#8243;][et_pb_row _builder_version=&#8221;4.3.2&#8243;][et_pb_column _builder_version=&#8221;4.3.2&#8243; type=&#8221;4_4&#8243;][et_pb_text _builder_version=&#8221;4.3.2&#8243; hover_enabled=&#8221;0&#8243;]<\/p>\n<p style=\"text-align: justify\"><span style=\"font-size: medium;font-family: inherit;font-weight: normal\">Monsieur le Ministre, <\/span><\/p>\n<p style=\"text-align: justify\"><span style=\"font-size: medium;font-family: inherit;font-weight: normal\">Pourriez-vous m\u2019indiquer\u00a0: <\/span><\/p>\n<ul style=\"text-align: justify\">\n<li><span style=\"font-size: medium;font-family: inherit;font-weight: normal\">Combien de plaintes pour harc\u00e8lement de la part d\u2019un conjoint ou ex conjoint sont d\u00e9pos\u00e9es chaque ann\u00e9e en Belgique ? <\/span><\/li>\n<li><span style=\"font-size: medium;font-family: inherit;font-weight: normal\">Combien d\u2019entre-elles sont class\u00e9es sans suite et pour quelles raisons ? <\/span><\/li>\n<li><span style=\"font-size: medium;font-family: inherit;font-weight: normal\">Quelle est la r\u00e9partition selon le genre parmi les victimes et parmi les auteurs ?<\/span><\/li>\n<\/ul>\n<p style=\"text-align: justify\"><span style=\"font-size: medium;font-family: inherit;font-weight: normal\">Je vous remercie, Monsieur le Ministre, pour vos r\u00e9ponses \u00e0 mes questions<\/span><\/p>\n<p>[\/et_pb_text][\/et_pb_column][\/et_pb_row][et_pb_row _builder_version=&#8221;4.3.2&#8243;][et_pb_column _builder_version=&#8221;4.3.2&#8243; type=&#8221;4_4&#8243;][et_pb_blog _builder_version=&#8221;4.3.2&#8243; posts_number=&#8221;30&#8243; include_categories=&#8221;43&#8243; fullwidth=&#8221;off&#8221; show_author=&#8221;off&#8221; show_pagination=&#8221;off&#8221; hover_enabled=&#8221;0&#8243;][\/et_pb_blog][\/et_pb_column][\/et_pb_row][\/et_pb_section]<\/p>\n","protected":false},"excerpt":{"rendered":"<p>Monsieur le Ministre, Pourriez-vous m\u2019indiquer\u00a0: Combien de plaintes pour harc\u00e8lement de la part d\u2019un conjoint ou ex conjoint sont d\u00e9pos\u00e9es chaque ann\u00e9e en Belgique ? Combien d\u2019entre-elles sont class\u00e9es sans suite et pour quelles raisons ? Quelle est la r\u00e9partition selon le genre parmi les victimes et parmi les auteurs ? Je vous remercie, Monsieur [&hellip;]<\/p>\n","protected":false},"author":1526,"featured_media":2553,"comment_status":"closed","ping_status":"closed","sticky":false,"template":"","format":"standard","meta":{"_acf_changed":false,"_et_pb_use_builder":"on","_et_pb_old_content":"","_et_gb_content_width":"","footnotes":""},"categories":[43,6],"tags":[],"class_list":["post-2552","post","type-post","status-publish","format-standard","has-post-thumbnail","hentry","category-droits-des-femmes","category-question-parlementaire"],"acf":[],"_links":{"self":[{"href":"https:\/\/sarahschlitz.be\/nl\/wp-json\/wp\/v2\/posts\/2552","targetHints":{"allow":["GET"]}}],"collection":[{"href":"https:\/\/sarahschlitz.be\/nl\/wp-json\/wp\/v2\/posts"}],"about":[{"href":"https:\/\/sarahschlitz.be\/nl\/wp-json\/wp\/v2\/types\/post"}],"author":[{"embeddable":true,"href":"https:\/\/sarahschlitz.be\/nl\/wp-json\/wp\/v2\/users\/1526"}],"replies":[{"embeddable":true,"href":"https:\/\/sarahschlitz.be\/nl\/wp-json\/wp\/v2\/comments?post=2552"}],"version-history":[{"count":3,"href":"https:\/\/sarahschlitz.be\/nl\/wp-json\/wp\/v2\/posts\/2552\/revisions"}],"predecessor-version":[{"id":2557,"href":"https:\/\/sarahschlitz.be\/nl\/wp-json\/wp\/v2\/posts\/2552\/revisions\/2557"}],"wp:featuredmedia":[{"embeddable":true,"href":"https:\/\/sarahschlitz.be\/nl\/wp-json\/wp\/v2\/media\/2553"}],"wp:attachment":[{"href":"https:\/\/sarahschlitz.be\/nl\/wp-json\/wp\/v2\/media?parent=2552"}],"wp:term":[{"taxonomy":"category","embeddable":true,"href":"https:\/\/sarahschlitz.be\/nl\/wp-json\/wp\/v2\/categories?post=2552"},{"taxonomy":"post_tag","embeddable":true,"href":"https:\/\/sarahschlitz.be\/nl\/wp-json\/wp\/v2\/tags?post=2552"}],"curies":[{"name":"wp","href":"https:\/\/api.w.org\/{rel}","templated":true}]}}