{"id":2543,"date":"2020-02-18T13:30:01","date_gmt":"2020-02-18T12:30:01","guid":{"rendered":"https:\/\/sarahschlitz.be\/?p=2543"},"modified":"2020-05-02T17:09:03","modified_gmt":"2020-05-02T15:09:03","slug":"question-au-ministre-geens-sur-lusage-problematique-de-linvocation-du-syndrome-dalienation-parentale-devant-les-cour-et-tribunaux","status":"publish","type":"post","link":"https:\/\/sarahschlitz.be\/nl\/question-au-ministre-geens-sur-lusage-problematique-de-linvocation-du-syndrome-dalienation-parentale-devant-les-cour-et-tribunaux\/","title":{"rendered":"Question au Ministre Geens sur l\u2019usage probl\u00e9matique de l\u2019invocation du \u00ab\u00a0syndr\u00f4me d\u2019ali\u00e9nation parentale\u00a0\u00bb devant les cours et tribunaux"},"content":{"rendered":"<p>[et_pb_section fb_built=&#8221;1&#8243; _builder_version=&#8221;4.3.2&#8243; custom_padding=&#8221;0px||9px|||&#8221;][et_pb_row _builder_version=&#8221;4.3.2&#8243;][et_pb_column type=&#8221;4_4&#8243; _builder_version=&#8221;4.3.2&#8243;][et_pb_text _builder_version=&#8221;4.3.2&#8243;]<\/p>\n<p style=\"text-align: justify\"><span style=\"font-size: medium;font-family: inherit;font-weight: normal\"><\/span><\/p>\n<p style=\"text-align: justify\"><span style=\"font-size: medium;font-family: inherit;font-weight: normal\"><\/span><\/p>\n<p style=\"text-align: justify\"><span style=\"font-size: medium;font-family: inherit;font-weight: normal\"><\/span><span style=\"font-size: medium;font-family: inherit;font-weight: normal\">Monsieur le Ministre, <\/span><\/p>\n<p style=\"text-align: justify\"><span style=\"font-size: medium;font-family: inherit;font-weight: normal\">En comit\u00e9 d\u2019avis pour l\u2019\u00e9mancipation sociale, nous proc\u00e9dons en ce moment \u00e0 des auditions sur la question des violences intrafamiliales, en particulier \u00e0 l\u2019\u00e9gard des femmes et des enfants. <\/span><\/p>\n<p style=\"text-align: justify\"><span style=\"font-size: medium;font-family: inherit;font-weight: normal\">Parmi les expertes auditionn\u00e9es, Diane Bernard, professeure en droit \u00e0 l\u2019Universit\u00e9 Saint-Louis, a expliqu\u00e9 qu\u2019il existe en Belgique un grave probl\u00e8me li\u00e9 \u00e0 la prise en compte par les cours et tribunaux du concept probl\u00e9matique de \u00ab\u00a0syndrome d\u2019ali\u00e9nation parentale\u00a0\u00bb. <\/span><\/p>\n<p style=\"text-align: justify\"><span style=\"font-size: medium;font-family: inherit;font-weight: normal\">Ce concept pseudo-scientifique, \u00e9labor\u00e9 par le psychologue am\u00e9ricain Richard Gardner dans les ann\u00e9es 80, consiste \u00e0 pathologiser le discours de l\u2019enfant qui accuse l\u2019un de ses parents de violences sexuelles. M. Gardner consid\u00e8re que lorsque de tels faits sont rapport\u00e9s en parall\u00e8le d\u2019un divorce, les professionnels doivent suspecter le d\u00e9veloppement d\u2019une pathologie chez l\u2019enfant, g\u00e9n\u00e9ralement\u00a0induite par la m\u00e8re contre le p\u00e8re. <\/span><\/p>\n<p style=\"text-align: justify\"><span style=\"font-family: inherit;font-weight: normal;font-size: medium\"><a name=\"_GoBack\"><\/a> <span>Bien que les th\u00e9ories de M. Gardner aient \u00e9t\u00e9 largement invalid\u00e9es par la recherche scientifique en la mati\u00e8re, elles continuent \u00e0 \u00eatre fr\u00e9quemment mobilis\u00e9es dans le contentieux familial devant les cours et tribunaux belges. <\/span><\/span><\/p>\n<p style=\"text-align: justify\"><span style=\"font-size: medium;font-family: inherit;font-weight: normal\">Face \u00e0 de tels usages probl\u00e9matiques de th\u00e9ories <em>pseudoscientifiques<\/em>, la France et l\u2019Italie ont adress\u00e9 des recommandations fortes au monde judiciaire pour avertir les magistrats de l\u2019absence de fondement de ce concept et leur d\u00e9conseiller d\u2019en faire usage. <\/span><\/p>\n<p style=\"text-align: justify\"><span style=\"font-size: medium;font-family: inherit;font-weight: normal\">D\u2019apr\u00e8s la Professeure Bernard, ce concept est utilis\u00e9 de plus en plus fr\u00e9quemment en Belgique. <\/span><\/p>\n<p><span style=\"font-size: medium;font-family: inherit;font-weight: normal\">Monsieur le Ministre\u00a0: <\/span><\/p>\n<p><span style=\"font-size: medium;font-family: inherit;font-weight: normal\"><\/span><\/p>\n<ul>\n<li style=\"padding-left: 30px\"><span style=\"font-size: medium\"><strong><span style=\"font-family: inherit\">Pourriez-vous adresser une recommandation au monde judiciaire comme l\u2019ont fait la France et l\u2019Italie\u00a0? <\/span><\/strong><\/span><\/li>\n<li style=\"padding-left: 30px\"><span style=\"font-size: medium;font-family: inherit;font-weight: normal\"><strong>Cette information pourrait-elle \u00eatre dispens\u00e9e dans le cadre des formations en droit de la famille dispens\u00e9es aux avocats et magistrats\u00a0?<\/strong> <\/span><\/li>\n<\/ul>\n<p style=\"text-align: justify\"><span style=\"font-size: medium;font-family: inherit;font-weight: normal\">Je vous remercie, Monsieur le Ministre, pour vos r\u00e9ponses \u00e0 mes questions<\/span><\/p>\n<p style=\"text-align: justify\"><span style=\"text-decoration: underline\"><strong>R\u00e9ponse du Ministre,\u00a0<span style=\"font-family: inherit;font-size: medium\">Koen Geens<\/span><\/strong><\/span><\/p>\n<p style=\"text-align: justify\"><span style=\"font-size: medium;font-family: inherit;font-weight: normal\">Ch\u00e8re coll\u00e8gue, <\/span><\/p>\n<p style=\"text-align: justify\"><span style=\"font-size: medium;font-family: inherit;font-weight: normal\">L&#8217;ali\u00e9nation parentale est en effet une probl\u00e9matique tr\u00e8s d\u00e9licate. Je voudrais tout d&#8217;abord soulever que le concept d&#8217;ali\u00e9nation parentale qui est utilis\u00e9 par les tribunaux n&#8217;est pas toujours n\u00e9cessairement li\u00e9 \u00e0 la violence sexuelle. Il s&#8217;agit ici plut\u00f4t de la perte du lien entre l&#8217;enfant et le parent. <\/span><\/p>\n<p style=\"text-align: justify\"><span style=\"font-size: medium;font-family: inherit;font-weight: normal\">L&#8217;ali\u00e9nation parentale a fait l&#8217;objet de discussions au sein du groupe de travail du tribunal de la famille, dans lequel certains membres avaient insist\u00e9 sur l&#8217;importance de la formation des magistrats. L&#8217;Institut de formation judiciaire me fait savoir que, depuis lors, <strong>une formation intitul\u00e9e &#8220;risque de perte de lien entre parent et enfant, \u00e0 savoir ali\u00e9nation parentale&#8221; a \u00e9t\u00e9 organis\u00e9e en mai 2019<\/strong> \u00e0 l&#8217;intention des magistrats, vu l&#8217;actualit\u00e9 de cette probl\u00e9matique tr\u00e8s d\u00e9licate. Cette formation \u00e9tait destin\u00e9e aux magistrats du si\u00e8ge, de premi\u00e8re instance et en degr\u00e9 d&#8217;appel, si\u00e9geant au tribunal de la famille et de la jeunesse, aux magistrats de parquet exer\u00e7ant les fonctions du minist\u00e8re public pr\u00e8s le tribunal de la famille et de la jeunesse, aux juges de paix, aux juges suppl\u00e9ants et aux stagiaires judiciaires. <\/span><\/p>\n<p style=\"text-align: justify\"><span style=\"font-size: medium;font-family: inherit;font-weight: normal\"><strong>L&#8217;objectif<\/strong> de cette formation consistait d&#8217;abord \u00e0 offrir aux magistrats les derniers r\u00e9sultats des recherches acad\u00e9miques et expliquer le ph\u00e9nom\u00e8ne de perte de lien. De plus, en dehors de la th\u00e9orie, la formation entendait offrir un support pratique aux magistrats participants, qui ont re\u00e7u un inventaire des possibilit\u00e9s dans l&#8217;assistance psychologique des personnes concern\u00e9es et de ce dont peuvent disposer les juges de la jeunesse et de la famille et les magistrats de parquet. Enfin, la formation comportait aussi une demi-journ\u00e9e d&#8217;\u00e9changes d&#8217;exp\u00e9riences professionnelles o\u00f9 les participants devaient appliquer leurs nouvelles connaissances dans la discussion de cas int\u00e9ressants. Afin de garantir une approche multidisciplinaire, l&#8217;IFJ a fait appel \u00e0 des\u00a0formateurs de diff\u00e9rents horizons professionnels: un p\u00e9dopsychiatre, un docteur en psychop\u00e9dagogie, des conseill\u00e8res conjugales et familiales, des psychologues, des th\u00e9rapeutes familiales, un avocat, des magistrats de la famille et de la jeunesse chevronn\u00e9s. <\/span><\/p>\n<p style=\"text-align: justify\"><span style=\"font-size: medium;font-family: inherit;font-weight: normal\">Quant aux recommandations que vous me demandez d&#8217;envisager, je ne manquerai pas d&#8217;attirer l&#8217;attention de l&#8217;Institut de formation judiciaire sur la n\u00e9cessit\u00e9 d&#8217;organiser r\u00e9guli\u00e8rement, c&#8217;est-\u00e0-dire annuellement, des s\u00e9ances de formation continue \u00e0 l&#8217;attention des magistrats de la famille et de la jeunesse.\u00a0<\/span><\/p>\n<p style=\"text-align: justify\"><span style=\"text-decoration: underline;font-size: medium\"><strong><span style=\"font-family: inherit\">R\u00e9plique de Sarah Schlitz (Ecolo-Groen)<\/span><\/strong><\/span><\/p>\n<p style=\"text-align: justify\"><span style=\"font-size: medium;font-family: inherit;font-weight: normal\">Monsieur le ministre, je vous remercie pour vos r\u00e9ponses. <\/span><\/p>\n<p style=\"text-align: justify\"><span style=\"font-size: medium;font-family: inherit;font-weight: normal\">Je suis extr\u00eamement choqu\u00e9e par ce que je viens d&#8217;entendre. Vous dispensez carr\u00e9ment des formations pour expliquer l&#8217;ali\u00e9nation parentale alors que c&#8217;est un concept qui n&#8217;a pas de fondement scientifique, comme l&#8217;expliquent de nombreux articles. <\/span><span style=\"font-size: medium;font-family: inherit;font-weight: normal\">C&#8217;est extr\u00eamement pr\u00e9occupant et il faut absolument prendre du recul par rapport \u00e0 ce concept. <\/span><\/p>\n<p style=\"text-align: justify\"><span style=\"font-size: medium;font-family: inherit;font-weight: normal\">Le concept n&#8217;est en effet pas toujours li\u00e9 \u00e0 des violences sexuelles. Il peut aussi \u00eatre li\u00e9 \u00e0 des violences que l&#8217;enfant a subies de mani\u00e8re directe ou indirecte. Il vise \u00e0 d\u00e9mon\u00e9tiser la parole de l&#8217;enfant en la pathologisant et \u00e0 faire passer la m\u00e8re pour une manipulatrice alors qu&#8217;elle est elle-m\u00eame une victime. <\/span><\/p>\n<p style=\"text-align: justify\"><span style=\"font-size: medium;font-family: inherit;font-weight: normal\">D&#8217;apr\u00e8s les \u00e9tudes scientifiques men\u00e9es par d&#8217;autres chercheurs que les supporters de la th\u00e9orie de l&#8217;ali\u00e9nation parentale, on estime qu&#8217;on est autour de 0,4 % de r\u00e9elles ali\u00e9nations parentales et que tout le reste est fantasm\u00e9 pour essayer de retourner la culpabilit\u00e9. <\/span><\/p>\n<p style=\"text-align: justify\"><span style=\"font-size: medium;font-family: inherit;font-weight: normal\">Ce que vous venez de m&#8217;expliquer est tr\u00e8s interpellant. J&#8217;irai consulter les rapports de ce colloque et je vous r\u00e9interrogerai ensuite.<\/span><\/p>\n<p style=\"text-align: justify\"><span style=\"font-size: medium;font-family: inherit;font-weight: normal\"><\/span><\/p>\n<p style=\"text-align: justify\"><span style=\"font-size: medium;font-family: inherit;font-weight: normal\"><\/span><\/p>\n<p>[\/et_pb_text][\/et_pb_column][\/et_pb_row][et_pb_row _builder_version=&#8221;4.3.2&#8243;][et_pb_column type=&#8221;4_4&#8243; _builder_version=&#8221;4.3.2&#8243;][et_pb_blog fullwidth=&#8221;off&#8221; posts_number=&#8221;30&#8243; include_categories=&#8221;43&#8243; show_author=&#8221;off&#8221; show_pagination=&#8221;off&#8221; _builder_version=&#8221;4.3.2&#8243;][\/et_pb_blog][\/et_pb_column][\/et_pb_row][\/et_pb_section]<\/p>\n","protected":false},"excerpt":{"rendered":"<p>Monsieur le Ministre, En comit\u00e9 d\u2019avis pour l\u2019\u00e9mancipation sociale, nous proc\u00e9dons en ce moment \u00e0 des auditions sur la question des violences intrafamiliales, en particulier \u00e0 l\u2019\u00e9gard des femmes et des enfants. Parmi les expertes auditionn\u00e9es, Diane Bernard, professeure en droit \u00e0 l\u2019Universit\u00e9 Saint-Louis, a expliqu\u00e9 qu\u2019il existe en Belgique un grave probl\u00e8me li\u00e9 \u00e0 [&hellip;]<\/p>\n","protected":false},"author":1526,"featured_media":2546,"comment_status":"closed","ping_status":"closed","sticky":false,"template":"","format":"standard","meta":{"_acf_changed":false,"_et_pb_use_builder":"on","_et_pb_old_content":"","_et_gb_content_width":"","footnotes":""},"categories":[43,6],"tags":[],"class_list":["post-2543","post","type-post","status-publish","format-standard","has-post-thumbnail","hentry","category-droits-des-femmes","category-question-parlementaire"],"acf":[],"_links":{"self":[{"href":"https:\/\/sarahschlitz.be\/nl\/wp-json\/wp\/v2\/posts\/2543","targetHints":{"allow":["GET"]}}],"collection":[{"href":"https:\/\/sarahschlitz.be\/nl\/wp-json\/wp\/v2\/posts"}],"about":[{"href":"https:\/\/sarahschlitz.be\/nl\/wp-json\/wp\/v2\/types\/post"}],"author":[{"embeddable":true,"href":"https:\/\/sarahschlitz.be\/nl\/wp-json\/wp\/v2\/users\/1526"}],"replies":[{"embeddable":true,"href":"https:\/\/sarahschlitz.be\/nl\/wp-json\/wp\/v2\/comments?post=2543"}],"version-history":[{"count":6,"href":"https:\/\/sarahschlitz.be\/nl\/wp-json\/wp\/v2\/posts\/2543\/revisions"}],"predecessor-version":[{"id":2836,"href":"https:\/\/sarahschlitz.be\/nl\/wp-json\/wp\/v2\/posts\/2543\/revisions\/2836"}],"wp:featuredmedia":[{"embeddable":true,"href":"https:\/\/sarahschlitz.be\/nl\/wp-json\/wp\/v2\/media\/2546"}],"wp:attachment":[{"href":"https:\/\/sarahschlitz.be\/nl\/wp-json\/wp\/v2\/media?parent=2543"}],"wp:term":[{"taxonomy":"category","embeddable":true,"href":"https:\/\/sarahschlitz.be\/nl\/wp-json\/wp\/v2\/categories?post=2543"},{"taxonomy":"post_tag","embeddable":true,"href":"https:\/\/sarahschlitz.be\/nl\/wp-json\/wp\/v2\/tags?post=2543"}],"curies":[{"name":"wp","href":"https:\/\/api.w.org\/{rel}","templated":true}]}}