{"id":2508,"date":"2020-02-12T17:00:24","date_gmt":"2020-02-12T16:00:24","guid":{"rendered":"https:\/\/sarahschlitz.be\/?p=2508"},"modified":"2020-06-23T15:32:05","modified_gmt":"2020-06-23T13:32:05","slug":"question-au-ministre-bellot-concernant-laccord-de-cooperation-interfederale-en-matiere-de-mobilite-durable","status":"publish","type":"post","link":"https:\/\/sarahschlitz.be\/nl\/question-au-ministre-bellot-concernant-laccord-de-cooperation-interfederale-en-matiere-de-mobilite-durable\/","title":{"rendered":"Question au Ministre Bellot concernant l\u2019accord de coop\u00e9ration interf\u00e9d\u00e9rale en mati\u00e8re de mobilit\u00e9 durable"},"content":{"rendered":"<p>[et_pb_section bb_built=&#8221;1&#8243; _builder_version=&#8221;3.0.47&#8243; custom_padding=&#8221;0px|0px|54px|0px&#8221; inner_width=&#8221;auto&#8221; inner_max_width=&#8221;1080px&#8221;][et_pb_row _builder_version=&#8221;3.0.47&#8243; background_size=&#8221;initial&#8221; background_position=&#8221;top_left&#8221; background_repeat=&#8221;repeat&#8221; width=&#8221;80%&#8221; max_width=&#8221;1080px&#8221;][et_pb_column type=&#8221;4_4&#8243;][et_pb_text _builder_version=&#8221;3.0.96&#8243; text_text_shadow_horizontal_length_tablet=&#8221;0px&#8221; text_text_shadow_vertical_length_tablet=&#8221;0px&#8221; text_text_shadow_blur_strength_tablet=&#8221;1px&#8221; link_text_shadow_horizontal_length_tablet=&#8221;0px&#8221; link_text_shadow_vertical_length_tablet=&#8221;0px&#8221; link_text_shadow_blur_strength_tablet=&#8221;1px&#8221; ul_text_shadow_horizontal_length_tablet=&#8221;0px&#8221; ul_text_shadow_vertical_length_tablet=&#8221;0px&#8221; ul_text_shadow_blur_strength_tablet=&#8221;1px&#8221; ol_text_shadow_horizontal_length_tablet=&#8221;0px&#8221; ol_text_shadow_vertical_length_tablet=&#8221;0px&#8221; ol_text_shadow_blur_strength_tablet=&#8221;1px&#8221; quote_text_shadow_horizontal_length_tablet=&#8221;0px&#8221; quote_text_shadow_vertical_length_tablet=&#8221;0px&#8221; quote_text_shadow_blur_strength_tablet=&#8221;1px&#8221; header_text_shadow_horizontal_length_tablet=&#8221;0px&#8221; header_text_shadow_vertical_length_tablet=&#8221;0px&#8221; header_text_shadow_blur_strength_tablet=&#8221;1px&#8221; header_2_text_shadow_horizontal_length_tablet=&#8221;0px&#8221; header_2_text_shadow_vertical_length_tablet=&#8221;0px&#8221; header_2_text_shadow_blur_strength_tablet=&#8221;1px&#8221; header_3_text_shadow_horizontal_length_tablet=&#8221;0px&#8221; header_3_text_shadow_vertical_length_tablet=&#8221;0px&#8221; header_3_text_shadow_blur_strength_tablet=&#8221;1px&#8221; header_4_text_shadow_horizontal_length_tablet=&#8221;0px&#8221; header_4_text_shadow_vertical_length_tablet=&#8221;0px&#8221; header_4_text_shadow_blur_strength_tablet=&#8221;1px&#8221; header_5_text_shadow_horizontal_length_tablet=&#8221;0px&#8221; header_5_text_shadow_vertical_length_tablet=&#8221;0px&#8221; header_5_text_shadow_blur_strength_tablet=&#8221;1px&#8221; header_6_text_shadow_horizontal_length_tablet=&#8221;0px&#8221; header_6_text_shadow_vertical_length_tablet=&#8221;0px&#8221; header_6_text_shadow_blur_strength_tablet=&#8221;1px&#8221; box_shadow_horizontal_tablet=&#8221;0px&#8221; box_shadow_vertical_tablet=&#8221;0px&#8221; box_shadow_blur_tablet=&#8221;40px&#8221; box_shadow_spread_tablet=&#8221;0px&#8221; vertical_offset_tablet=&#8221;0&#8243; horizontal_offset_tablet=&#8221;0&#8243; z_index_tablet=&#8221;0&#8243; background_layout=&#8221;light&#8221;]<\/p>\n<h3><span style=\"font-family: inherit;font-size: medium\">Monsieur le ministre, <\/span><\/h3>\n<p><span style=\"font-family: inherit;font-size: medium\">Le <a href=\"https:\/\/www.cnc-nkc.be\/fr\/reports\">PNEC<\/a> mise \u00e9norm\u00e9ment sur la mobilit\u00e9 durable pour atteindre ses objectifs climatiques. Cette preuve d\u2019ambition est une excellente nouvelle\u00a0! Il faut maintenant concr\u00e9tiser les mesures concr\u00e8tes. <\/span><\/p>\n<p><span style=\"font-family: inherit;font-size: medium\">On peut notamment lire ceci\u00a0: <i>Le projet d\u2019accord de coop\u00e9ration interf\u00e9d\u00e9rale en mati\u00e8re de mobilit\u00e9 durable est en train d\u2019\u00eatre achev\u00e9 (d\u2019ici 2021), et ce compte tenu de tous les domaines de politique concern\u00e9s (infrastructure, \u00e9conomie, environnement, \u00e9nergie, am\u00e9nagement du territoire, fiscalit\u00e9, innovation, zones de faibles \u00e9missions, etc.). Cet accord sera bas\u00e9 sur une vision interf\u00e9d\u00e9rale de la mobilit\u00e9<\/i> <i>\u00e0 d\u00e9velopper au pr\u00e9alable (dans le courant de l\u2019ann\u00e9e 2020). <\/i><\/span><\/p>\n<p><span style=\"font-family: inherit;font-size: medium\">Pourriez-vous m\u2019indiquer \u00e0 quel stade se situe ce projet\u00a0? Quelles sont les prochaines \u00e9tapes du d\u00e9veloppement de la vision interf\u00e9d\u00e9rale\u00a0? <\/span><\/p>\n<p><span style=\"font-family: inherit;font-size: medium\">Je vous remercie, monsieur le Ministre, pour vos r\u00e9ponses \u00e0 mes questions.<br \/>\n<\/span><\/p>\n<h3>R\u00e9ponse du Ministre Bellot :<\/h3>\n<p>Lors de la derni\u00e8re r\u00e9union du Comit\u00e9 ex\u00e9cutif des ministres de la mobilit\u00e9 (CEMM) du 17 d\u00e9cembre 2019, les nouveaux ministres r\u00e9gionaux de la mobilit\u00e9 ont \u00e9t\u00e9 inform\u00e9s de l\u2019\u00e9tat des lieux des travaux entam\u00e9s en 2016, sur l&#8217;\u00e9laboration d&#8217;une vision interf\u00e9d\u00e9rale. L&#8217;accent a \u00e9t\u00e9 mis sur l&#8217;importance \u00e0 aboutir \u00e0 plus de coop\u00e9ration, en tenant compte des comp\u00e9tences respectives et des plans de mobilit\u00e9 r\u00e9gionaux.<\/p>\n<p>Compte tenu de la r\u00e9partition des comp\u00e9tences, chaque R\u00e9gion ainsi que le f\u00e9d\u00e9ral doivent contribuer, dans le strict respect de leurs comp\u00e9tences respectives, \u00e0 la r\u00e9alisation de cette vision partag\u00e9e pour\u00a0 une mobilit\u00e9 fluide et durable \u00e0 l\u2019\u00e9chelle du territoire. Je ne peux toutefois pas r\u00e9pondre \u00e0 votre question \u00e0 la place des R\u00e9gions\u00a0; je vous invite d\u00e8s lors \u00e0 prendre contact avec mes coll\u00e8gues des R\u00e9gions.<\/p>\n<p>J&#8217;esp\u00e8re que le prochain gouvernement continuera \u00e0 prendre \u00e0 coeur mon engagement vis-\u00e0-vis de la vision interf\u00e9d\u00e9rale.<\/p>\n<p>[\/et_pb_text][\/et_pb_column][\/et_pb_row][et_pb_row _builder_version=&#8221;3.0.96&#8243; text_orientation=&#8221;left&#8221; width=&#8221;80%&#8221; max_width=&#8221;1080px&#8221;][et_pb_column type=&#8221;4_4&#8243;][et_pb_blog posts_number=&#8221;30&#8243; include_categories=&#8221;40,32&#8243; show_author=&#8221;off&#8221; show_pagination=&#8221;off&#8221; _builder_version=&#8221;3.0.96&#8243; fullwidth=&#8221;off&#8221;]<\/p>\n<p>&nbsp;<\/p>\n<p>[\/et_pb_blog][\/et_pb_column][\/et_pb_row][\/et_pb_section]<\/p>\n","protected":false},"excerpt":{"rendered":"<p>Monsieur le ministre, Le PNEC mise \u00e9norm\u00e9ment sur la mobilit\u00e9 durable pour atteindre ses objectifs climatiques. Cette preuve d\u2019ambition est une excellente nouvelle\u00a0! Il faut maintenant concr\u00e9tiser les mesures concr\u00e8tes. On peut notamment lire ceci\u00a0: Le projet d\u2019accord de coop\u00e9ration interf\u00e9d\u00e9rale en mati\u00e8re de mobilit\u00e9 durable est en train d\u2019\u00eatre achev\u00e9 (d\u2019ici 2021), et ce [&hellip;]<\/p>\n","protected":false},"author":1526,"featured_media":2509,"comment_status":"closed","ping_status":"closed","sticky":false,"template":"","format":"standard","meta":{"_acf_changed":false,"_et_pb_use_builder":"on","_et_pb_old_content":"","_et_gb_content_width":"","footnotes":""},"categories":[40,32,6],"tags":[],"class_list":["post-2508","post","type-post","status-publish","format-standard","has-post-thumbnail","hentry","category-climat","category-mobilite","category-question-parlementaire"],"acf":[],"_links":{"self":[{"href":"https:\/\/sarahschlitz.be\/nl\/wp-json\/wp\/v2\/posts\/2508","targetHints":{"allow":["GET"]}}],"collection":[{"href":"https:\/\/sarahschlitz.be\/nl\/wp-json\/wp\/v2\/posts"}],"about":[{"href":"https:\/\/sarahschlitz.be\/nl\/wp-json\/wp\/v2\/types\/post"}],"author":[{"embeddable":true,"href":"https:\/\/sarahschlitz.be\/nl\/wp-json\/wp\/v2\/users\/1526"}],"replies":[{"embeddable":true,"href":"https:\/\/sarahschlitz.be\/nl\/wp-json\/wp\/v2\/comments?post=2508"}],"version-history":[{"count":6,"href":"https:\/\/sarahschlitz.be\/nl\/wp-json\/wp\/v2\/posts\/2508\/revisions"}],"predecessor-version":[{"id":3101,"href":"https:\/\/sarahschlitz.be\/nl\/wp-json\/wp\/v2\/posts\/2508\/revisions\/3101"}],"wp:featuredmedia":[{"embeddable":true,"href":"https:\/\/sarahschlitz.be\/nl\/wp-json\/wp\/v2\/media\/2509"}],"wp:attachment":[{"href":"https:\/\/sarahschlitz.be\/nl\/wp-json\/wp\/v2\/media?parent=2508"}],"wp:term":[{"taxonomy":"category","embeddable":true,"href":"https:\/\/sarahschlitz.be\/nl\/wp-json\/wp\/v2\/categories?post=2508"},{"taxonomy":"post_tag","embeddable":true,"href":"https:\/\/sarahschlitz.be\/nl\/wp-json\/wp\/v2\/tags?post=2508"}],"curies":[{"name":"wp","href":"https:\/\/api.w.org\/{rel}","templated":true}]}}