{"id":2144,"date":"2019-10-15T10:00:51","date_gmt":"2019-10-15T08:00:51","guid":{"rendered":"https:\/\/sarahschlitz.be\/?p=2144"},"modified":"2019-10-18T12:57:56","modified_gmt":"2019-10-18T10:57:56","slug":"question-a-nathalie-muylle-concernant-les-moyens-daction-du-gouvernement-contre-les-publicites-sexistes","status":"publish","type":"post","link":"https:\/\/sarahschlitz.be\/nl\/question-a-nathalie-muylle-concernant-les-moyens-daction-du-gouvernement-contre-les-publicites-sexistes\/","title":{"rendered":"Question \u00e0 Nathalie Muylle concernant les moyens d\u2019action du gouvernement contre les publicit\u00e9s sexistes"},"content":{"rendered":"<p>[et_pb_section fb_built=&#8221;1&#8243; _builder_version=&#8221;3.17.1&#8243; custom_padding=&#8221;5px|0px|0|0px|false|false&#8221;][et_pb_row custom_padding=&#8221;10px|0px|27px|0|false|false&#8221; _builder_version=&#8221;3.17.1&#8243;][et_pb_column type=&#8221;4_4&#8243; _builder_version=&#8221;3.17.1&#8243; parallax=&#8221;off&#8221; parallax_method=&#8221;on&#8221;][et_pb_text _builder_version=&#8221;3.17.1&#8243;]<\/p>\n<div class=\"\"><\/div>\n<h4>La nouvelle Ministre de l\u2019\u00e9galit\u00e9 des chance a r\u00e9pondu \u00e0 mes questions sur le\u00a0\u00ab\u00a0bickygate\u00a0\u00bb<\/h4>\n<h4 style=\"text-align: justify\">Les \u00e9l\u00e9ments qui en sont ressortis sont instructifs :\u00a0<\/h4>\n<ul style=\"text-align: justify\">\n<li style=\"text-align: justify;padding-left: 30px\"><span style=\"font-style: normal\" class=\"\">Elle a reconnu que plusieurs adaptations l\u00e9gislatives sont n\u00e9cessaires pour mieux combattre ce type de ph\u00e9nom\u00e8ne sur le web. Notamment modifier la constitution. Elle a conclu par ceci<span style=\"background-color: #ffffff;font-family: inherit;font-weight: normal\" class=\"\"> &#8220;<em><span class=\"\">Nous devons nous pr\u00e9parer, dans le contexte de la formation d&#8217;un gouvernement, afin de disposer \u00e0 l&#8217;avenir d&#8217;instruments puissants pour pr\u00e9venir de telles choses<\/span><\/em><span>&#8220;.<\/span><span class=\"\"> Je lui<\/span><span class=\"\">\u00a0r\u00e9pondu que nous \u00e9tions\u00a0<\/span><span>disponibles<\/span><span class=\"\">\u00a0pour y travailler.\u00a0<\/span><\/span><\/span><\/li>\n<\/ul>\n<ul style=\"text-align: justify\">\n<li style=\"padding-left: 30px\">El<span style=\"font-family: inherit;font-weight: normal\">le a affirm\u00e9 que malgr\u00e9 le suivi de la plainte par l\u2019\u00e9quivalent Hollandais du <span style=\"font-size: small\"><span style=\"font-family: inherit;color: #000000\"><a href=\"https:\/\/www.jep.be\/fr\/jury-dethique-publicitaire-jep\">Jury d\u2019Etique Publicitaire (JEP)<\/a><\/span><\/span>, elle<span> &#8220;<em>continuera de surveiller la situation et que nous continuerons de frapper \u00e0 leur porte jusqu&#8217;\u00e0 ce qu&#8217;une d\u00e9cision ait \u00e9t\u00e9 prise<\/em>&#8220;. A ce sujet, elle a \u00e9galement fait\u00a0<\/span><span style=\"font-style: normal\">part<\/span><span style=\"font-style: normal\"> d\u2019un point de vue critique sur\u00a0l\u2019organe d&#8217;autor\u00e9gulation\u00a0qu&#8217;est le <span style=\"font-size: small\"><span style=\"font-family: inherit;color: #000000\"><a href=\"https:\/\/www.jep.be\/fr\/jury-dethique-publicitaire-jep\">JEP<\/a> :<\/span><\/span> &#8220;<\/span><em><span class=\"\">En tant que membre de cette Assembl\u00e9e, j&#8217;ai d\u00e9pos\u00e9 des propositions visant \u00e0 l&#8217;inscrire dans la loi et non \u00e0 le faire par le biais de l<\/span><span>\u2019<\/span><span class=\"\">autor\u00e9gulation<\/span><\/em><span style=\"font-style: normal\">&#8220;<\/span><span style=\"font-style: normal\" class=\"\">.\u00a0<\/span><span style=\"font-style: normal\" class=\"\">\u00a0Un point de vue que je rejoins.<\/span><\/span><\/li>\n<\/ul>\n<ul style=\"text-align: justify\">\n<li style=\"padding-left: 30px\"><span style=\"font-style: normal;font-family: inherit;font-weight: normal\" class=\"\">Elle a expliqu\u00e9 que ses services travaillent en ce moment \u00e0 l\u2019\u00e9laboration d\u2019un nouveau plan d\u2019action national pour lutter contre les violences faites aux femmes en collaboration avec les associations du secteur, ce qui constitue une bonne nouvelle. <br \/><\/span><\/li>\n<\/ul>\n<ul style=\"text-align: justify\">\n<li style=\"padding-left: 30px\"><span style=\"font-family: inherit;font-weight: normal\"><span style=\"font-style: normal\" class=\"\"><\/span><span style=\"font-style: normal\" class=\"\">Concernant\u00a0d&#8217;\u00e9ventuelles poursuites, elle a d\u00e9clar\u00e9 que &#8220;<em><span class=\"\">l<\/span><\/em><span class=\"\"><em>&#8216;institut peut intenter une action en justice<\/em>&#8220;,<\/span><span class=\"\"> tout en pr\u00e9cisant qu&#8217;une telle d\u00e9cision lui revient en toute ind\u00e9pendance.<\/span><span><\/span><span class=\"\"> Ce qui est une bonne chose, m\u00eame si<\/span><span class=\"\"> <em>Bicky Burger<\/em> a peu de chance d&#8217;\u00eatre condamn\u00e9 au vu des lacunes l\u00e9gislatives en la mati\u00e8re.<br \/><\/span><\/span><\/span><\/li>\n<\/ul>\n<p style=\"text-align: justify\"><span style=\"font-style: normal;font-family: inherit;font-weight: normal\" class=\"\">Petit b\u00e9mol toutefois. La Ministre a affirm\u00e9 que la lutte contre les f\u00e9minicides \u00e9tait une priorit\u00e9 du gouvernement, ce que je n\u2019ai pu laisser passer. \u00ab\u00a0<\/span><span style=\"font-family: inherit;font-weight: normal\"><span style=\"font-style: normal\" class=\"\"><em><span class=\"\">Vous dites que la lutte contre les violences faites aux femmes fait partie des priorit\u00e9s du gouvernement mais ce n&#8217;est pas tout \u00e0 fait le cas.<\/span><span class=\"\"> Elle arrive en sixi\u00e8me place des priorit\u00e9s de la police apr\u00e8s la cybercriminalit\u00e9, alors qu&#8217;il s&#8217;agit d&#8217;un fl\u00e9au qui a tu\u00e9 87 femmes depuis 2017.\u00a0<\/span><\/em><\/span><span style=\"font-style: normal\" class=\"\"><span class=\"\"><em>J&#8217;ai r\u00e9cemment interrog\u00e9 votre coll\u00e8gue Geens et je regrette qu&#8217;il ait refus\u00e9 d&#8217;admettre la sp\u00e9cificit\u00e9 des crimes commis \u00e0 l&#8217;encontre des femmes parce qu&#8217;elles sont des femmes. Tant qu&#8217;on n&#8217;aura pas cern\u00e9 correctement le probl\u00e8me des f\u00e9minicides, on n&#8217;arrivera pas \u00e0 les combattre. Nous insistons sur ce point.<\/em><\/span><\/span><\/span><span style=\"font-style: normal;font-family: inherit;font-weight: normal\" class=\"\"><span class=\"\">\u00a0\u00bb<\/span><\/span><\/p>\n<div class=\"\" style=\"text-align: justify\"><span style=\"font-family: inherit;font-weight: normal\">Pour plus de pr\u00e9cisions, voir le <a href=\"https:\/\/www.lachambre.be\/doc\/CCRI\/pdf\/55\/ic030.pdf\">compte rendu int\u00e9gral (version provisoire, pp. 1-9)<\/a> des \u00e9changes qui ont\u00a0eu lieu en\u00a0commission ou lire le compte rendu analytique ci-dessous.<br \/><\/span><\/div>\n<h4 style=\"text-align: justify\"><\/h4>\n<p style=\"text-align: justify\"><span style=\"font-family: inherit;font-weight: normal;color: #000000\"><\/span><\/p>\n<p>[\/et_pb_text][\/et_pb_column][\/et_pb_row][et_pb_row _builder_version=&#8221;3.17.1&#8243; custom_padding=&#8221;0|0px|0|0px|false|false&#8221;][et_pb_column type=&#8221;4_4&#8243; _builder_version=&#8221;3.17.1&#8243; parallax=&#8221;off&#8221; parallax_method=&#8221;on&#8221;][et_pb_toggle title=&#8221;Compte rendu analytique&#8221; _builder_version=&#8221;3.17.1&#8243; title_level=&#8221;h3&#8243; title_font=&#8221;||||||||&#8221; body_font=&#8221;||||||||&#8221;]<\/p>\n<h3 style=\"text-align: justify\">Ma question<\/h3>\n<p style=\"text-align: justify\"><span style=\"font-size: small;font-family: inherit;font-weight: normal;color: #000000\">Madame la Ministre, <\/span><\/p>\n<p><span style=\"font-size: small;color: #000000\"><span style=\"font-family: inherit\"><strong>Ce mardi 8 octobre, la soci\u00e9t\u00e9 belge Bicky Burger a diffus\u00e9 sur le r\u00e9seau social Facebook une image publicitaire repr\u00e9sentant une sc\u00e8ne de violence conjugale<\/strong>. Malgr\u00e9 les commentaires indign\u00e9s des internautes, la marque a post\u00e9 des commentaires d\u00e9fendant sa campagne plut\u00f4t que de retirer l\u2019image, d\u00e9montrant sa volont\u00e9 de faire durer le buzz le plus longtemps possible. Elle a finalement \u00e9t\u00e9 supprim\u00e9e par Facebook au bout de 7h30. <\/span><\/span><\/p>\n<p style=\"text-align: justify\"><span style=\"font-family: inherit;font-weight: normal;color: #000000\"><span style=\"font-size: small\">Cette publicit\u00e9 est particuli\u00e8rement choquante au regard du contexte dans lequel elle est publi\u00e9e\u00a0: depuis 2017 en <\/span><span style=\"font-size: small\"><span style=\"background: #ffffff\">Belgique, 97 femmes ont \u00e9t\u00e9 tu\u00e9es parce qu&#8217;elles \u00e9taient des femmes.<\/span><\/span> <span style=\"font-size: small\"><span style=\"background: #ffffff\">En 2016, 18 000 plaintes\u00a0pour violences conjugales ont \u00e9t\u00e9 enregistr\u00e9es rien qu\u2019en Wallonie et \u00e0 Bruxelles. Et on sait que toutes ne portent pas plainte. <\/span><\/span><\/span><\/p>\n<p style=\"text-align: justify\"><span style=\"font-size: small;font-family: inherit;font-weight: normal;color: #000000\">Ce n\u2019est pas la premi\u00e8re fois qu\u2019une soci\u00e9t\u00e9 commerciale effectue une d\u00e9marche marketing en v\u00e9hiculant des st\u00e9r\u00e9otypes sexistes tout en banalisant les violences faites aux femmes. <\/span><\/p>\n<p style=\"text-align: justify\"><span style=\"font-size: small;font-family: inherit;font-weight: normal;color: #000000\">Madame la Ministre, <\/span><\/p>\n<ul style=\"text-align: justify\">\n<li style=\"text-align: justify\"><span style=\"font-size: small;font-family: inherit;font-weight: normal;color: #000000\">De quels outils disposez-vous pour contrer la diffusion de contenus publicitaires sexistes\u00a0? <\/span><\/li>\n<li style=\"text-align: justify\"><span style=\"font-size: small;color: #000000\"><span style=\"font-family: inherit\">\u00cates-vous actuellement en mesure de sanctionner les auteurs de messages promouvant la violence envers les femmes\u00a0? <\/span><\/span><\/li>\n<li style=\"text-align: justify\"><span style=\"font-size: small;color: #000000\"><span style=\"font-family: inherit\">Seriez-vous favorable \u00e0 une interdicbtion stricte de la publicit\u00e9 sexiste\u00a0? <\/span><\/span><\/li>\n<li style=\"text-align: justify\"><span style=\"font-size: small\"><span style=\"font-family: inherit;color: #000000\">Avez-vous pris contact avec le <a href=\"https:\/\/www.jep.be\/fr\/jury-dethique-publicitaire-jep\">Jury d\u2019Etique Publicitaire (JEP)<\/a> au sujet de cette affaire\u00a0? Combien de plaintes a-t-il re\u00e7u\u00a0? Quelles d\u00e9marches a-t-il entrepris\u00a0vis-\u00e0-vis de l\u2019annonceur\u00a0? A quelle sanctions Bicky Burger s\u2019expose-t-il\u00a0? <\/span><\/span><\/li>\n<\/ul>\n<p style=\"text-align: justify\"><span style=\"font-size: small;font-family: inherit;font-weight: normal;color: #5b5b5b\"><span style=\"color: #000000\">Je vous remercie, Madame la Ministre, pour votre r\u00e9ponses \u00e0 mes questions. <\/span><br \/> <\/span><\/p>\n<p style=\"margin-bottom: 0.15cm;text-align: center\" align=\"justify\"><span style=\"font-family: Source Sans Pro, sans-serif;color: #5b5b5b\"><b>[&#8211;<\/b><i><b> Autres interventions&#8211; <\/b><\/i><b>]<\/b><\/span><\/p>\n<blockquote>\n<h4><span style=\"font-family: inherit;font-weight: normal\"><b>R\u00e9ponse de Nathalie Muylle, <\/b><b>Ministre<\/b><\/span><\/h4>\n<\/blockquote>\n<p style=\"text-align: justify\"><span style=\"font-family: inherit;font-weight: normal;color: #000000\">Les nombreuses questions pos\u00e9es requi\u00e8rent une r\u00e9ponse d\u00e9taill\u00e9e.<\/span><\/p>\n<p style=\"text-align: justify\"><span style=\"font-family: inherit;font-weight: normal;color: #000000\">Dans un contexte o\u00f9 la lutte contre les f\u00e9minicides et les violences faites aux femmes est une priorit\u00e9 en Belgique, la campagne publicitaire de <i>Bicky Burger<\/i> para\u00eet impensable et suscite l&#8217;indignation. D\u00e8s lors, la publicit\u00e9 violente, sexiste et d\u00e9gradante de Bicky Burger suscite l&#8217;indignation. Elle a \u00e9t\u00e9 retir\u00e9e.<\/span><\/p>\n<p style=\"text-align: justify\"><span style=\"font-family: inherit;font-weight: normal;color: #000000\">Pour r\u00e9pondre \u00e0 vos questions, il existe plusieurs instruments pour lutter contre le sexisme. <\/span><\/p>\n<p style=\"text-align: justify\"><span style=\"font-family: inherit;font-weight: normal;color: #000000\"><span style=\"font-style: normal\"><b>En premier lieu<\/b><\/span><span style=\"font-style: normal\">, il y a la loi du <a href=\"https:\/\/www.lachambre.be\/FLWB\/PDF\/53\/3483\/53K3483004.pdf\" style=\"color: #000000\"><span style=\"color: #009126\"><\/span><\/a><a href=\"https:\/\/www.lachambre.be\/FLWB\/PDF\/53\/3483\/53K3483004.pdf\"><span style=\"color: #009126\">22 mai 2014<\/span><span style=\"color: #009126\"> relative \u00e0 la lutte contre le sexisme dans les lieux publics<\/span><\/a> et modifiant la loi du <strong><span style=\"color: #009126\"><a href=\"https:\/\/www.lachambre.be\/FLWB\/PDF\/51\/2721\/51K2721008.pdf\" style=\"color: #009126\"><\/a><\/span><\/strong><span style=\"color: #009126\"><a href=\"https:\/\/www.lachambre.be\/FLWB\/PDF\/51\/2721\/51K2721008.pdf\" style=\"color: #009126\"><\/a><a href=\"https:\/\/www.lachambre.be\/FLWB\/PDF\/51\/2721\/51K2721008.pdf\">10 mai 2007<\/a><\/span><a href=\"https:\/\/www.lachambre.be\/FLWB\/PDF\/51\/2721\/51K2721008.pdf\"><span style=\"color: #009126\"> relative \u00e0 la lutte contre les discriminations entre hommes et femmes <\/span><\/a>afin de sanctionner l&#8217;acte de discrimination. <\/span><span style=\"font-style: normal\">Cette<\/span><span style=\"font-style: normal\"> loi ne permet pas de sanctionner la publicit\u00e9 sexiste parce qu&#8217;aucune victime ne peut \u00eatre identifi\u00e9e. Il faut se pencher sur la question de savoir si une modification de la loi est requise.<\/span><\/span><\/p>\n<p style=\"text-align: justify\"><span style=\"font-family: inherit;font-weight: normal;color: #000000\"><b>Deuxi\u00e8mement<\/b>, la loi du 10 mai 2007 sur le genre sanctionne l&#8217;incitation \u00e0 la discrimination, \u00e0 la s\u00e9gr\u00e9gation, \u00e0 la haine et \u00e0 la violence en raison du sexe, par un emprisonnement d&#8217;un mois \u00e0 un an et\/ou d&#8217;une amende de 50 \u00e0 1 000 euros.<\/span><\/p>\n<p style=\"text-align: justify\"><span style=\"font-family: inherit;font-weight: normal;color: #000000\">L&#8217;Institut pour l&#8217;\u00e9galit\u00e9 des femmes et des hommes a enregistr\u00e9 une quarantaine de plaintes contre la publicit\u00e9 en question. Il \u00e9tudie actuellement l&#8217;application de la loi sur le genre et analyse la suite \u00e0 donner \u00e0 cette affaire.<\/span><\/p>\n<p style=\"text-align: justify\"><span style=\"font-family: inherit;font-weight: normal;color: #000000\"><b>Troisi\u00e8mement<\/b>, Conform\u00e9ment \u00e0 <a href=\"https:\/\/www.dekamer.be\/kvvcr\/pdf_sections\/publications\/constitution\/grondwetFR.pdf\"><span style=\"color: #009126\">l&#8217;article 150 de la Constitution<\/span><\/a>, tous les d\u00e9lits de presse \u2013 hormis ceux inspir\u00e9s par le racisme \u2013 doivent \u00eatre trait\u00e9s par une cour d&#8217;assises. En raison de la lourdeur de cette proc\u00e9dure, l&#8217;impunit\u00e9 est en r\u00e9alit\u00e9 la r\u00e8gle pour ce type de propos sexistes haineux et abjects. Le gouvernement d\u00e9missionnaire a inscrit l&#8217;article 150 sur la liste des articles de la Constitution ouverts \u00e0 r\u00e9vision. Le prochain ex\u00e9cutif pourra, par cons\u00e9quent, sortir les d\u00e9lits de presse li\u00e9s au genre de cette l\u00e9gislation afin de simplifier les poursuites.<\/span><\/p>\n<p style=\"text-align: justify\"><span style=\"font-family: inherit;font-weight: normal;color: #000000\"><b>Ensuite<\/b>, Le <a href=\"https:\/\/www.jep.be\/fr\/jury-dethique-publicitaire-jep\"><span style=\"color: #009126\">Jury d&#8217;\u00c9thique publicitaire<\/span><\/a> peut toujours \u00eatre saisi. Apr\u00e8s examen, il peut d\u00e9clarer la plainte non fond\u00e9e, \u00e9mettre un avis de r\u00e9serve en laissant \u00e0 l&#8217;annonceur la responsabilit\u00e9 de la suite \u00e0 donner, d\u00e9cider d&#8217;une modification de la publicit\u00e9 ou encore<span style=\"font-style: normal\"> la faire retirer. Il peut aussi demander d&#8217;examiner les prochaines publicit\u00e9s avant diffusion.<\/span><\/span><\/p>\n<p style=\"text-align: justify\"><span style=\"font-family: inherit;font-weight: normal;color: #000000\"><span style=\"font-style: normal\">Le JEP a d\u00e9j\u00e0 enregistr\u00e9 600 plaintes. Il a transmis ces plaintes \u00e0 son pendant n\u00e9erlandais, l&#8217;annonceur concern\u00e9 \u00e9tant originaire des Pays-Bas. Une proc\u00e9dure y est actuellement en cours. Nous nous attendons \u00e0 en obtenir les r\u00e9sultats dans les prochaines semaines<\/span><i>. <\/i><\/span><\/p>\n<p style=\"text-align: justify\"><span style=\"font-family: inherit;font-weight: normal;color: #000000\">L&#8217;Institut pour l&#8217;\u00e9galit\u00e9 des femmes et des hommes propose des formations sur la communication sensible au genre.<\/span><\/p>\n<p style=\"text-align: justify\"><span style=\"font-family: inherit;font-weight: normal;color: #000000\"><b>Enfin<\/b>, Dans le sillage de la <a href=\"https:\/\/www.coe.int\/fr\/web\/conventions\/full-list\/-\/conventions\/treaty\/210\"><span style=\"color: #009126\">Convention d&#8217;Istanbul<\/span><\/a>, mes services pr\u00e9parent un nouveau plan d&#8217;action contre les violences faites aux femmes. Le pr\u00e9c\u00e9dent plan, relatif \u00e0 la p\u00e9riode 2015-2019, comprenait \u00e9galement des mesures relatives aux m\u00e9dias.<\/span><\/p>\n<p style=\"text-align: justify\"><span style=\"font-family: inherit;font-weight: normal;color: #000000\">La soci\u00e9t\u00e9 civile est largement impliqu\u00e9e dans l&#8217;\u00e9laboration du nouveau plan d&#8217;action contre la violence li\u00e9e au genre. L&#8217;institut dispose d&#8217;un r\u00e9seau \u00e9tendu et actualis\u00e9 d&#8217;organisations qui luttent contre la violence intrafamiliale. Celles-ci ont \u00e9t\u00e9 invit\u00e9es \u00e0 formuler leurs commentaires qui seront analys\u00e9s pour inventorier les points probl\u00e9matiques et serviront de base \u00e0 des mesures politiques.<\/span><\/p>\n<p style=\"text-align: justify\"><span style=\"font-family: inherit;font-weight: normal;color: #000000\">Le rapport d&#8217;\u00e9valuation du groupe d&#8217;experts de la convention d&#8217;Istanbul, le GREVIO, sera <span style=\"font-style: normal\">int\u00e9gr\u00e9 au nouveau plan.<\/span><\/span><\/p>\n<p style=\"text-align: justify\"><span style=\"font-family: inherit;font-weight: normal;color: #000000\">J&#8217;en viens au rapport int\u00e9rimaire. Les mesures contenues dans la Convention d&#8217;Istanbul ont \u00e9t\u00e9 transpos\u00e9es en un plan national. La plupart des 235 mesures ont \u00e9t\u00e9 mises en \u0153uvre, et 152 autres sont en chantier. En 2018, 12 mesures devaient encore \u00eatre lanc\u00e9es et 39 mesures ont d\u00e9j\u00e0 \u00e9t\u00e9 enti\u00e8rement achev\u00e9es. Cette ann\u00e9e, 32 mesures doivent encore \u00eatre lanc\u00e9es. Nous nous y attelons donc pleinement.<\/span><\/p>\n<p style=\"text-align: justify\"><span style=\"font-family: inherit;font-weight: normal;color: #000000\"><span style=\"font-style: normal\">L<\/span><span style=\"font-style: normal\">a police et le parquet ont un grand nombre d<\/span>e statistiques sur les violences contre les femmes et la violence conjugale sans que le sexe de la victime ne soit enregistr\u00e9. On peut <span style=\"font-style: normal\">raisonnablement supposer que les femmes subissent davantage cette violence.<\/span><\/span><\/p>\n<p style=\"text-align: justify\"><span style=\"font-family: inherit;font-weight: normal;color: #000000\"><a href=\"https:\/\/igvm-iefh.belgium.be\/fr\/institut\"><span style=\"color: #009126\">L&#8217;Institut pour l&#8217;\u00e9galit\u00e9 des femmes et des hommes <\/span><\/a>est un organe strat\u00e9gique ind\u00e9pendant qui \u0153uvre au d\u00e9veloppement et \u00e0 l&#8217;ex\u00e9cution de la politique belge en la mati\u00e8re. L&#8217;institut emploie 50 personnes. L&#8217;augmentation de ses effectifs est le r\u00e9sultat de recrutements suppl\u00e9mentaires pour les centres de soins apr\u00e8s des violences sexuelles, pour lesquels l&#8217;ancien ministre, M. Peeters, avait pu lib\u00e9rer structurellement 4,5 millions d&#8217;euros. Ce budget est compl\u00e9t\u00e9 par un montant de 1,5 million d&#8217;euros provenant de la Loterie Nationale.<\/span><\/p>\n<p style=\"text-align: justify\"><span style=\"font-family: inherit;font-weight: normal;color: #000000\">Neuf personnes travaillent \u00e0 la cellule ax\u00e9e sur la violence li\u00e9e au genre. Un financement structurel est \u00e9galement pr\u00e9vu pour d&#8217;autres organisations qui se consacrent \u00e0 la lutte contre la violence li\u00e9e au genre, comme notamment <a href=\"https:\/\/igvm-iefh.belgium.be\/fr\/institut\"><em>Amazone<\/em><\/a>, le <a href=\"http:\/\/vrouwenraad.be\/\">Vrouwenraad<\/a> et le <a href=\"https:\/\/www.cffb.be\/\">Conseil des femmes francophones de Belgique<\/a>. Le ministre Peeters avait aussi octroy\u00e9 un subside \u00e0 l&#8217;ASBL Punt, qui soutient des victimes de violences sexuelles.<\/span><\/p>\n<p style=\"text-align: justify\"><span style=\"font-family: inherit;font-weight: normal;color: #000000\">Nous agissons dans diff\u00e9rents domaines. La campagne publicitaire en question ne peut en aucun cas \u00eatre approuv\u00e9e. J&#8217;esp\u00e8re que le probl\u00e8me sera abord\u00e9 dans le cadre des n\u00e9gociations gouvernementales, de sorte que nous disposions dans le futur d&#8217;outils efficaces pour intervenir.<\/span><\/p>\n<blockquote>\n<h4><span style=\"font-family: inherit;font-weight: normal\"><b>Ma r\u00e9plique<\/b><br \/> <\/span><\/h4>\n<\/blockquote>\n<p style=\"text-align: justify\"><span style=\"font-family: inherit;font-weight: normal;color: #000000\">Madame la ministre, je vous remercie pour vos r\u00e9ponses. <\/span><\/p>\n<p style=\"text-align: justify\"><span style=\"font-family: inherit;font-weight: normal;color: #000000\">Il faudra \u00eatre attentif au traitement qui sera fait par l&#8217;\u00e9quivalent n\u00e9erlandais du JEP. Ils n&#8217;ont pas ressenti l&#8217;indignation de la m\u00eame mani\u00e8re qu&#8217;en Belgique. Je suis surprise par cette r\u00e8gle qui veut que cet organisme hollandais s&#8217;en occupe, \u00e9tant donn\u00e9 que la campagne \u00e9tait dirig\u00e9e vers le public belge. puisque les messages diffus\u00e9s l&#8217;\u00e9taient dans les deux langues nationales. <\/span><\/p>\n<p style=\"text-align: justify\"><span style=\"font-family: inherit;font-weight: normal;color: #000000\">J&#8217;aimerais insister sur le fait qu&#8217;il s&#8217;agit bien d&#8217;autor\u00e9gulation du secteur. Je pense que ce genre de syst\u00e8me a ses limites. J&#8217;ai vu des publicitaires s&#8217;indigner dans la presse et on remarque qu&#8217;ils ont surtout peur d&#8217;une r\u00e9gulation. Il va falloir serrer la vis \u00e0 un moment. Comme on l&#8217;a fait pour l&#8217;interdiction de la publicit\u00e9 pour le tabac, on pourrait avancer avec les R\u00e9gions sur l&#8217;interdiction de certains types de publicit\u00e9s.<\/span><\/p>\n<p style=\"text-align: justify\"><span style=\"font-family: inherit;font-weight: normal;color: #000000\">Le fait d&#8217;annoncer un plan d&#8217;action est une bonne nouvelle. Il ne faudra pas oublier d&#8217;agir en concertation avec les associations, qui ont dress\u00e9 un rapport pertinent sur l&#8217;\u00e9tat d&#8217;avancement de la Belgique dans l&#8217;ex\u00e9cution de la convention d&#8217;Istanbul. Beaucoup d&#8217;\u00e9l\u00e9ments peuvent en \u00eatre retir\u00e9s et leur contribution sera fort b\u00e9n\u00e9fique. <\/span><\/p>\n<p style=\"text-align: justify\"><span style=\"font-family: inherit;font-weight: normal;color: #000000\">Vous dites que la lutte contre les violences faites aux femmes fait partie des priorit\u00e9s du gouvernement mais ce n&#8217;est pas tout \u00e0 fait le cas. Elle arrive en <strong>sixi\u00e8me place des priorit\u00e9s de la police<\/strong> apr\u00e8s la cybercriminalit\u00e9, alors qu&#8217;il s&#8217;agit d&#8217;un fl\u00e9au qui a tu\u00e9 87 femmes depuis 2017.<\/span><\/p>\n<p style=\"text-align: justify\"><span style=\"font-family: inherit;font-weight: normal;color: #000000\">J&#8217;ai r\u00e9cemment interrog\u00e9 votre coll\u00e8gue Geens et je regrette qu&#8217;il ait refus\u00e9 d&#8217;admettre la sp\u00e9cificit\u00e9 des crimes commis \u00e0 l&#8217;encontre des femmes parce qu&#8217;elles sont des femmes. Tant qu&#8217;on n&#8217;aura pas cern\u00e9 correctement le probl\u00e8me des f\u00e9minicides, on n&#8217;arrivera pas \u00e0 les combattre. Nous insistons sur ce point.<\/span><\/p>\n<p style=\"text-align: justify\"><span style=\"font-family: inherit;font-weight: normal;color: #000000\">Je suis contente que vous soyez pr\u00eate \u00e0 discuter de la cr\u00e9ation de nouveaux outils pour s&#8217;armer contre ce ph\u00e9nom\u00e8ne. Nous sommes tout \u00e0 fait pr\u00eats \u00e0 vous \u00e9pauler dans cette mission et \u00e0 en discuter dans le cadre de potentielles n\u00e9gociations.<\/span><\/p>\n<p style=\"text-align: center\"><span style=\"font-family: Source Sans Pro, sans-serif;color: #5b5b5b\"><b>[&#8211;<\/b><i><b> Autres interventions&#8211; <\/b><\/i><b>]<\/b><\/span><\/p>\n<blockquote>\n<h4 style=\"text-align: justify\"><span style=\"font-family: inherit;font-weight: normal\"><b>Nathalie Muylle, Ministre<\/b><\/span><\/h4>\n<\/blockquote>\n<p style=\"text-align: justify\"><span style=\"font-family: inherit;font-weight: normal;color: #000000\">Mes services et mes pr\u00e9d\u00e9cesseurs ne sont en charge de cette comp\u00e9tence que depuis le mois de d\u00e9cembre dernier. Je g\u00e8re cette th\u00e9matique dans une p\u00e9riode d&#8217;affaires courantes. Je ressens cependant un grand dynamisme au sein de la cellule ainsi que dans la collaboration avec l&#8217;administration. Je ne puis prendre d&#8217;engagements \u00e0 long terme \u00e9tant donn\u00e9 qu&#8217;il m&#8217;est impossible de pr\u00e9voir la dur\u00e9e de la p\u00e9riode des affaires courantes. Je n&#8217;ai jamais \u00e9t\u00e9 tr\u00e8s favorable au JEP car il ne dispose pas des instruments ad\u00e9quats. C&#8217;est pourquoi j&#8217;ai d\u00e9pos\u00e9 des propositions, en tant que d\u00e9put\u00e9e, en vue d&#8217;\u00e9tablir des r\u00e8gles l\u00e9gales qui remplaceraient l&#8217;autor\u00e9gulation.<\/span><\/p>\n<p style=\"text-align: justify\"><span style=\"font-family: inherit;font-weight: normal;color: #000000\">Ce dossier a \u00e9t\u00e9 transf\u00e9r\u00e9 aux Pays-Bas. Je ne puis qu&#8217;affirmer que nous continuerons de suivre attentivement son \u00e9volution et que nous continuerons d&#8217;insister jusqu&#8217;\u00e0 ce qu&#8217;une d\u00e9cision soit prise.<\/span><\/p>\n<p style=\"text-align: justify\"><span style=\"font-family: inherit;font-weight: normal;color: #000000\">La l\u00e9gislation offre un arsenal de mesures par le biais de la loi contre le sexisme et de l&#8217;article 150 relatif aux d\u00e9lits de presse. \u00c0 l&#8217;avenir, nous disposerons d&#8217;instruments l\u00e9gaux pour condamner ces pratiques. De tr\u00e8s nombreuses initiatives judicieuses ont \u00e9t\u00e9 prises et ces derni\u00e8res nous ont valu une reconnaissance internationale. Je pense \u00e0 la lutte contre les violences sexuelles dans les centres de soins ainsi qu&#8217;aux lignes de <i>chat<\/i>.<\/span><\/p>\n<p style=\"text-align: justify\"><span style=\"font-family: inherit;font-weight: normal;color: #000000\">Il r\u00e8gne toutefois encore un climat de crainte et il reste de nombreux efforts \u00e0 faire. Une action en justice est possible, mais c&#8217;est \u00e0 l&#8217;Institut d&#8217;en d\u00e9cider en toute ind\u00e9pendance. Des questions ont \u00e9galement \u00e9t\u00e9 pos\u00e9es au sujet de la Convention d&#8217;Istanbul et du Plan d&#8217;action national. Mon cabinet et moi-m\u00eame serons heureux de coop\u00e9rer sur ces points.<\/span><\/p>\n<p>[\/et_pb_toggle][\/et_pb_column][\/et_pb_row][\/et_pb_section][et_pb_section fb_built=&#8221;1&#8243; _builder_version=&#8221;3.17.1&#8243; custom_padding=&#8221;28px|0px|0|0px|false|false&#8221;][et_pb_row custom_padding=&#8221;0|0px|27px|0px|false|false&#8221; _builder_version=&#8221;3.17.1&#8243;][et_pb_column type=&#8221;4_4&#8243; _builder_version=&#8221;3.17.1&#8243; parallax=&#8221;off&#8221; parallax_method=&#8221;on&#8221;][et_pb_blog fullwidth=&#8221;off&#8221; posts_number=&#8221;30&#8243; include_categories=&#8221;43&#8243; show_author=&#8221;off&#8221; show_categories=&#8221;off&#8221; show_pagination=&#8221;off&#8221; _builder_version=&#8221;3.17.1&#8243;][\/et_pb_blog][\/et_pb_column][\/et_pb_row][\/et_pb_section]<\/p>\n","protected":false},"excerpt":{"rendered":"<p>La nouvelle Ministre de l\u2019\u00e9galit\u00e9 des chance a r\u00e9pondu \u00e0 mes questions sur le\u00a0\u00ab\u00a0bickygate\u00a0\u00bb Les \u00e9l\u00e9ments qui en sont ressortis sont instructifs :\u00a0 Elle a reconnu que plusieurs adaptations l\u00e9gislatives sont n\u00e9cessaires pour mieux combattre ce type de ph\u00e9nom\u00e8ne sur le web. Notamment modifier la constitution. Elle a conclu par ceci &#8220;Nous devons nous pr\u00e9parer, [&hellip;]<\/p>\n","protected":false},"author":1526,"featured_media":2155,"comment_status":"closed","ping_status":"closed","sticky":false,"template":"","format":"standard","meta":{"_acf_changed":false,"_et_pb_use_builder":"on","_et_pb_old_content":"","_et_gb_content_width":"","footnotes":""},"categories":[4,43,6],"tags":[],"class_list":["post-2144","post","type-post","status-publish","format-standard","has-post-thumbnail","hentry","category-archives","category-droits-des-femmes","category-question-parlementaire"],"acf":[],"_links":{"self":[{"href":"https:\/\/sarahschlitz.be\/nl\/wp-json\/wp\/v2\/posts\/2144","targetHints":{"allow":["GET"]}}],"collection":[{"href":"https:\/\/sarahschlitz.be\/nl\/wp-json\/wp\/v2\/posts"}],"about":[{"href":"https:\/\/sarahschlitz.be\/nl\/wp-json\/wp\/v2\/types\/post"}],"author":[{"embeddable":true,"href":"https:\/\/sarahschlitz.be\/nl\/wp-json\/wp\/v2\/users\/1526"}],"replies":[{"embeddable":true,"href":"https:\/\/sarahschlitz.be\/nl\/wp-json\/wp\/v2\/comments?post=2144"}],"version-history":[{"count":19,"href":"https:\/\/sarahschlitz.be\/nl\/wp-json\/wp\/v2\/posts\/2144\/revisions"}],"predecessor-version":[{"id":2152,"href":"https:\/\/sarahschlitz.be\/nl\/wp-json\/wp\/v2\/posts\/2144\/revisions\/2152"}],"wp:featuredmedia":[{"embeddable":true,"href":"https:\/\/sarahschlitz.be\/nl\/wp-json\/wp\/v2\/media\/2155"}],"wp:attachment":[{"href":"https:\/\/sarahschlitz.be\/nl\/wp-json\/wp\/v2\/media?parent=2144"}],"wp:term":[{"taxonomy":"category","embeddable":true,"href":"https:\/\/sarahschlitz.be\/nl\/wp-json\/wp\/v2\/categories?post=2144"},{"taxonomy":"post_tag","embeddable":true,"href":"https:\/\/sarahschlitz.be\/nl\/wp-json\/wp\/v2\/tags?post=2144"}],"curies":[{"name":"wp","href":"https:\/\/api.w.org\/{rel}","templated":true}]}}