{"id":2039,"date":"2019-10-29T14:00:31","date_gmt":"2019-10-29T13:00:31","guid":{"rendered":"https:\/\/sarahschlitz.be\/?p=2039"},"modified":"2019-10-31T13:37:40","modified_gmt":"2019-10-31T12:37:40","slug":"question-a-francois-bellot-sur-la-preparation-de-la-global-strike-for-future","status":"publish","type":"post","link":"https:\/\/sarahschlitz.be\/nl\/question-a-francois-bellot-sur-la-preparation-de-la-global-strike-for-future\/","title":{"rendered":"Question \u00e0 Fran\u00e7ois Bellot sur la pr\u00e9paration de la &#8220;Global Strike for Future&#8221;"},"content":{"rendered":"<p>[et_pb_section fb_built=&#8221;1&#8243; _builder_version=&#8221;3.0.47&#8243; custom_padding=&#8221;0|0px|23px|0px|false|false&#8221;][et_pb_row custom_padding=&#8221;27px|0px|27px|1px|false|false&#8221; _builder_version=&#8221;3.0.48&#8243; background_size=&#8221;initial&#8221; background_position=&#8221;top_left&#8221; background_repeat=&#8221;repeat&#8221;][et_pb_column type=&#8221;4_4&#8243; _builder_version=&#8221;3.0.47&#8243; parallax=&#8221;off&#8221; parallax_method=&#8221;on&#8221;][et_pb_text _builder_version=&#8221;3.0.74&#8243; background_size=&#8221;initial&#8221; background_position=&#8221;top_left&#8221; background_repeat=&#8221;repeat&#8221;]<\/p>\n<p style=\"text-align: right\"><em>&#8211; le 04 septembre 2019<\/em> &#8211;<\/p>\n<p style=\"text-align: justify\">Monsieur le Ministre,<\/p>\n<p style=\"text-align: justify\">Le vendredi 20 septembre prochain se tiendra la prochaine \u00ab\u00a0<a href=\"https:\/\/www.facebook.com\/events\/462596487906853\/\"><strong>Global Strike For Future<\/strong>\u00a0<\/a>\u00bb un peu partout dans le monde, mais aussi \u00e0 Bruxelles. A la veille du grand sommet des Nations-Unies sur la climat \u00e0 New York, les citoyens veulent rappeler aux dirigeants l\u2019urgence climatique \u00e0 laquelle nous faisons face et les pousser \u00e0 adopter des mesures ambitieuses.<\/p>\n<p style=\"text-align: justify\">L\u2019\u00e9v\u00e9nement facebook affiche d\u00e9j\u00e0 plus de 3.700 personnes participantes et 12.000 int\u00e9ress\u00e9es. Avec la rentr\u00e9e scolaire, la mobilisation bat son plein dans les \u00e9coles et au-del\u00e0 puisque tous les citoyens sont invit\u00e9s \u00e0 participer \u00e0 cet \u00e9v\u00e9nement, et pas seulement les \u00e9tudiants du secondaire.<\/p>\n<p>&nbsp;<\/p>\n<ul>\n<li style=\"text-align: justify\"><strong>Pour que cet \u00e9v\u00e9nement se d\u00e9roule dans les meilleures conditions, des contacts ont-ils \u00e9t\u00e9 pris entre la SNCB et les organisateurs afin de pr\u00e9voir une offre ferroviaire suffisante\u00a0?<\/strong><\/li>\n<\/ul>\n<p style=\"text-align: justify\">Je vous remercie, Monsieur le Ministre, pour votre r\u00e9ponse \u00e0 ma question<\/p>\n<blockquote>\n<h4>R\u00e9ponse de Fran\u00e7ois Bellot, Ministre<\/h4>\n<\/blockquote>\n<p style=\"text-align: right\"><span style=\"font-family: inherit;font-weight: normal\"><em>&#8211; le 29 octobre 2019 &#8211;<\/em><\/span><\/p>\n<p style=\"text-align: justify\"><span style=\"font-size: small;font-family: inherit;font-weight: normal\"><span style=\"font-size: small\"><span lang=\"fr-FR\">La SNCB m\u2019informe qu\u2019elle n\u2019a pas eu de contact avec les organisateurs de l\u2019\u00e9v\u00e9nement et qu\u2019en date du 20 septembre 2019, il n\u2019y avait pas eu de demande de renforts en termes d\u2019offre de trains<\/span><\/span><span style=\"font-size: small\"><span lang=\"fr-FR\">.<\/span><\/span><\/span><\/p>\n<p style=\"text-align: justify\"><span style=\"font-size: small;font-family: inherit;font-weight: normal\"><span style=\"font-size: small\"><span lang=\"fr-BE\">Par ailleurs, la SNCB m\u2019indique que, sur la base de ses chiffres d\u2019occupation disponibles, le d\u00e9roulement du service des trains de la journ\u00e9e du 20 septembre 2019 s\u2019est r\u00e9v\u00e9l\u00e9, en termes de fr\u00e9quentation, assez identique \u00e0 un vendredi \u00ab\u00a0classique\u00a0\u00bb. <\/span><\/span><\/span><\/p>\n<p style=\"text-align: justify\"><span style=\"font-size: small;font-family: inherit;font-weight: normal\"><span style=\"font-size: small\"><span lang=\"fr-FR\">En tant que soci\u00e9t\u00e9 de service public, la SNCB soutient activement la mobilit\u00e9 durable, dans laquelle elle s\u2019inscrit d\u2019ailleurs. <\/span><\/span><\/span><\/p>\n<p style=\"text-align: justify\"><span style=\"font-size: small;font-family: inherit;font-weight: normal\"><span style=\"font-size: small\"><span lang=\"fr-FR\">Dans le cadre de la <\/span><\/span><span style=\"font-size: small\"><span lang=\"fr-FR\"><i>Global Strike For Future<\/i><\/span><\/span><span style=\"font-size: small\"><span lang=\"fr-FR\">, la SNCB n\u2019a pas pr\u00e9vu d\u2019action promotionnelle sp\u00e9cifique. Le <\/span><\/span><span style=\"font-size: small\"><span lang=\"fr-FR\"><i>Green Ticket<\/i><\/span><\/span><span style=\"font-size: small\"><span lang=\"fr-FR\"> a \u00e9t\u00e9 mis \u00e0 disposition afin de marquer l\u2019ouverture de la vingt-quatri\u00e8me conf\u00e9rence des Nations Unies sur les changements climatiques (COP24), et cela \u00e0 titre exceptionnel.<\/span><\/span><\/span><\/p>\n<p>&nbsp;<\/p>\n<p>[\/et_pb_text][\/et_pb_column][\/et_pb_row][et_pb_row _builder_version=&#8221;3.17.1&#8243;][et_pb_column type=&#8221;4_4&#8243; _builder_version=&#8221;3.17.1&#8243; parallax=&#8221;off&#8221; parallax_method=&#8221;on&#8221;][et_pb_blog fullwidth=&#8221;off&#8221; posts_number=&#8221;30&#8243; include_categories=&#8221;40,32,6&#8243; show_author=&#8221;off&#8221; show_categories=&#8221;off&#8221; show_pagination=&#8221;off&#8221; _builder_version=&#8221;3.17.1&#8243;][\/et_pb_blog][\/et_pb_column][\/et_pb_row][\/et_pb_section]<\/p>\n","protected":false},"excerpt":{"rendered":"<p>&#8211; le 04 septembre 2019 &#8211; Monsieur le Ministre, Le vendredi 20 septembre prochain se tiendra la prochaine \u00ab\u00a0Global Strike For Future\u00a0\u00bb un peu partout dans le monde, mais aussi \u00e0 Bruxelles. A la veille du grand sommet des Nations-Unies sur la climat \u00e0 New York, les citoyens veulent rappeler aux dirigeants l\u2019urgence climatique \u00e0 [&hellip;]<\/p>\n","protected":false},"author":1530,"featured_media":2035,"comment_status":"closed","ping_status":"closed","sticky":false,"template":"","format":"standard","meta":{"_acf_changed":false,"_et_pb_use_builder":"on","_et_pb_old_content":"<p>Monsieur le Ministre,<\/p><p>Le vendredi 20 septembre prochain se tiendra la prochaine \u00ab\u00a0<a href=\"https:\/\/www.facebook.com\/events\/462596487906853\/\">Global Strike For Future\u00a0<\/a>\u00bb un peu partout dans le monde, mais aussi \u00e0 Bruxelles. A la veille du grand sommet des Nations-Unies sur la climat \u00e0 New York, les citoyens veulent rappeler aux dirigeants l\u2019urgence climatique \u00e0 laquelle nous faisons face et les pousser \u00e0 adopter des mesures ambitieuses.<\/p><p>L\u2019\u00e9v\u00e9nement facebook affiche d\u00e9j\u00e0 plus de 2000 personnes participantes et 10.000 int\u00e9ress\u00e9es. Avec la rentr\u00e9e scolaire, la mobilisation bat son plein dans les \u00e9coles et au-del\u00e0 puisque tous les citoyens sont invit\u00e9s \u00e0 participer \u00e0 cet \u00e9v\u00e9nement, et pas seulement les \u00e9tudiants du secondaire.<\/p><p>Pour que cet \u00e9v\u00e9nement se d\u00e9roule dans les meilleures conditions, des contacts ont-ils \u00e9t\u00e9 pris entre la SNCB et les organisateurs afin de pr\u00e9voir une offre ferroviaire suffisante\u00a0?<\/p><p>Je vous remercie, Monsieur le Ministre, pour votre r\u00e9ponse \u00e0 ma question,<\/p>","_et_gb_content_width":"","footnotes":""},"categories":[40,32,6],"tags":[],"class_list":["post-2039","post","type-post","status-publish","format-standard","has-post-thumbnail","hentry","category-climat","category-mobilite","category-question-parlementaire"],"acf":[],"_links":{"self":[{"href":"https:\/\/sarahschlitz.be\/nl\/wp-json\/wp\/v2\/posts\/2039","targetHints":{"allow":["GET"]}}],"collection":[{"href":"https:\/\/sarahschlitz.be\/nl\/wp-json\/wp\/v2\/posts"}],"about":[{"href":"https:\/\/sarahschlitz.be\/nl\/wp-json\/wp\/v2\/types\/post"}],"author":[{"embeddable":true,"href":"https:\/\/sarahschlitz.be\/nl\/wp-json\/wp\/v2\/users\/1530"}],"replies":[{"embeddable":true,"href":"https:\/\/sarahschlitz.be\/nl\/wp-json\/wp\/v2\/comments?post=2039"}],"version-history":[{"count":11,"href":"https:\/\/sarahschlitz.be\/nl\/wp-json\/wp\/v2\/posts\/2039\/revisions"}],"predecessor-version":[{"id":2889,"href":"https:\/\/sarahschlitz.be\/nl\/wp-json\/wp\/v2\/posts\/2039\/revisions\/2889"}],"wp:featuredmedia":[{"embeddable":true,"href":"https:\/\/sarahschlitz.be\/nl\/wp-json\/wp\/v2\/media\/2035"}],"wp:attachment":[{"href":"https:\/\/sarahschlitz.be\/nl\/wp-json\/wp\/v2\/media?parent=2039"}],"wp:term":[{"taxonomy":"category","embeddable":true,"href":"https:\/\/sarahschlitz.be\/nl\/wp-json\/wp\/v2\/categories?post=2039"},{"taxonomy":"post_tag","embeddable":true,"href":"https:\/\/sarahschlitz.be\/nl\/wp-json\/wp\/v2\/tags?post=2039"}],"curies":[{"name":"wp","href":"https:\/\/api.w.org\/{rel}","templated":true}]}}